{"id":102226,"date":"2025-12-10T18:56:07","date_gmt":"2025-12-10T18:56:07","guid":{"rendered":"https:\/\/www.europesays.com\/se\/102226\/"},"modified":"2025-12-10T18:56:07","modified_gmt":"2025-12-10T18:56:07","slug":"misstaget-i-champions-league-fel-hymn-spelades","status":"publish","type":"post","link":"https:\/\/www.europesays.com\/se\/102226\/","title":{"rendered":"Misstaget i Champions League \u2013 fel hymn spelades"},"content":{"rendered":"<p><strong>Inf\u00f6r onsdagens match mellan Villarreal och K\u00f6penhamn spelades Europa League-hymnen ist\u00e4llet f\u00f6r den klassiska Champions League-l\u00e5ten. <br \/>Spelare och publik reagerade \u00f6verraskat.<\/strong><\/p>\n<p>N\u00e4r Villarreal och K\u00f6penhamn radade upp sig inf\u00f6r avspark i onsdagens Champions League-match, med Jordan Larsson i startelvan, h\u00f6rdes pl\u00f6tsligt fel musik i h\u00f6gtalarsystemet. Ist\u00e4llet f\u00f6r den klassiska Champions League-hymnen str\u00f6mmade Europa League-l\u00e5ten ut \u00f6ver arenan.<\/p>\n<p>Tv-bilder visade flera spelare som tittade f\u00f6rv\u00e5nat omkring, tydligt \u00f6verraskade av missen. N\u00e4r hymnen v\u00e4l var slut svarade publiken med burop p\u00e5 Villarreals hemmaarena El Madrigal.<\/p>\n<p><a href=\"https:\/\/fotbolldirekt.se\/champions-league\/tv-elyounoussi-ger-fck-ledningen-efter-72-sekunder\/\" rel=\"nofollow noopener\" target=\"_blank\">FCK leder just nu matchen med 1-0. <\/a><\/p>\n","protected":false},"excerpt":{"rendered":"Inf\u00f6r onsdagens match mellan Villarreal och K\u00f6penhamn spelades Europa League-hymnen ist\u00e4llet f\u00f6r den klassiska Champions League-l\u00e5ten. Spelare och&hellip;\n","protected":false},"author":2,"featured_media":102227,"comment_status":"","ping_status":"","sticky":false,"template":"","format":"standard","meta":{"footnotes":""},"categories":[68],"tags":[774,34,111,110,31,33,32,30],"class_list":{"0":"post-102226","1":"post","2":"type-post","3":"status-publish","4":"format-standard","5":"has-post-thumbnail","7":"category-sport","8":"tag-mini-top-block-1","9":"tag-se","10":"tag-sport","11":"tag-sports","12":"tag-svenska","13":"tag-sverige","14":"tag-sweden","15":"tag-swedish"},"share_on_mastodon":{"url":"https:\/\/pubeurope.com\/@se\/115696801085635466","error":""},"_links":{"self":[{"href":"https:\/\/www.europesays.com\/se\/wp-json\/wp\/v2\/posts\/102226","targetHints":{"allow":["GET"]}}],"collection":[{"href":"https:\/\/www.europesays.com\/se\/wp-json\/wp\/v2\/posts"}],"about":[{"href":"https:\/\/www.europesays.com\/se\/wp-json\/wp\/v2\/types\/post"}],"author":[{"embeddable":true,"href":"https:\/\/www.europesays.com\/se\/wp-json\/wp\/v2\/users\/2"}],"replies":[{"embeddable":true,"href":"https:\/\/www.europesays.com\/se\/wp-json\/wp\/v2\/comments?post=102226"}],"version-history":[{"count":0,"href":"https:\/\/www.europesays.com\/se\/wp-json\/wp\/v2\/posts\/102226\/revisions"}],"wp:featuredmedia":[{"embeddable":true,"href":"https:\/\/www.europesays.com\/se\/wp-json\/wp\/v2\/media\/102227"}],"wp:attachment":[{"href":"https:\/\/www.europesays.com\/se\/wp-json\/wp\/v2\/media?parent=102226"}],"wp:term":[{"taxonomy":"category","embeddable":true,"href":"https:\/\/www.europesays.com\/se\/wp-json\/wp\/v2\/categories?post=102226"},{"taxonomy":"post_tag","embeddable":true,"href":"https:\/\/www.europesays.com\/se\/wp-json\/wp\/v2\/tags?post=102226"}],"curies":[{"name":"wp","href":"https:\/\/api.w.org\/{rel}","templated":true}]}}