{"id":102232,"date":"2025-12-10T19:10:12","date_gmt":"2025-12-10T19:10:12","guid":{"rendered":"https:\/\/www.europesays.com\/se\/102232\/"},"modified":"2025-12-10T19:10:12","modified_gmt":"2025-12-10T19:10:12","slug":"emma-i-horby-sorjer-sin-doda-van","status":"publish","type":"post","link":"https:\/\/www.europesays.com\/se\/102232\/","title":{"rendered":"Emma i H\u00f6rby s\u00f6rjer sin d\u00f6da v\u00e4n"},"content":{"rendered":"<p><a data-test-tag=\"internal-link\" href=\"https:\/\/www.aftonbladet.se\/av\/susanna-nygren\" class=\"hyperion-css-13ns1rr\" rel=\"nofollow noopener\" target=\"\" aria-label=\"Se alla artiklar av Susanna Nygren\"><img decoding=\"async\" class=\"image-asset hyperion-css-n6kkq1\" data-test-tag=\"image-asset\" src=\"https:\/\/www.europesays.com\/se\/wp-content\/uploads\/2025\/12\/df4faeaf-baa3-4201-a6a0-7e7dbd77a237\"  alt=\"\"  loading=\"lazy\" fetchpriority=\"auto\" style=\"aspect-ratio:1900 \/ 1900\"\/><\/a><\/p>\n<p class=\"boxtextgrotesk-root_baa6 hyperion-css-7pajle\">Uppdaterad 19.46 | Publicerad 18.42<\/p>\n<p>share-arrowDela<\/p>\n<p>unsaveSpara<\/p>\n<p>expand-left<\/p>\n<p>helsk\u00e4rm<img decoding=\"async\" class=\"image-asset hyperion-css-u06ts1\" data-test-tag=\"image-asset\" src=\"https:\/\/www.europesays.com\/se\/wp-content\/uploads\/2025\/12\/fb0ccb53-0361-423c-bbcd-74e4156cfcd9\"  alt=\"St\u00e9phanie Larsson kramar om sin dotter Emma, 9 \u00e5r.\"  loading=\"eager\" fetchpriority=\"high\" style=\"aspect-ratio:1900 \/ 1150\"\/>St\u00e9phanie Larsson kramar om sin dotter Emma, 9 \u00e5r. Foto: Krister Hansson<\/p>\n<p class=\"hyperion-css-1shl3oz\" data-test-tag=\"lead-text\">B\u00e5de barn och vuxna s\u00f6rjer kvinnan och hennes son som hittades d\u00f6da i sin bostad under tisdagen. <\/p>\n<p class=\"hyperion-css-1shl3oz\" data-test-tag=\"lead-text\">Flera uttrycker att H\u00f6rby kommun kunde ha gjort mer f\u00f6r att uppm\u00e4rksamma det som h\u00e4nt. Detta d\u00e5 pojken hade en stor umg\u00e4ngeskrets. <\/p>\n<p class=\"hyperion-css-1shl3oz\" data-test-tag=\"lead-text\">\u2013 Han var v\u00e4ldigt sportintresserad och v\u00e4ldigt omtyckt, s\u00e4ger Jennifer R\u00f6hr. <\/p>\n<p class=\"hyperion-css-1v9qo5x\">Framf\u00f6r familjens tomt brinner ett stort antal ljus. I ena h\u00f6rnet av minnesplatsen ligger tv\u00e5 nallar.  <\/p>\n<p class=\"hyperion-css-1v9qo5x\">Det har g\u00e5tt ett dygn sedan polisen bekr\u00e4ftade att en kvinna och ett barn hittats d\u00f6da i huset. <\/p>\n<p class=\"hyperion-css-1v9qo5x\">Enligt Aftonbladets uppgifter ska barnet vara kvinnans son. <\/p>\n<p class=\"hyperion-css-1v9qo5x\">D\u00f6dsfallen <a data-test-tag=\"internal-link\" href=\"https:\/\/www.aftonbladet.se\/nyheter\/a\/e71y79\/tva-hittades-doda-kommunen-haller-presstraff\" class=\"hyperion-css-15jkft9\" rel=\"nofollow noopener\" target=\"\" aria-label=\"uppt\u00e4cktes n\u00e4r skolpersonalen blev oroliga \">uppt\u00e4cktes n\u00e4r skolpersonalen blev oroliga <\/a>d\u00e5 pojken inte d\u00f6k upp i skolan. <\/p>\n<p class=\"hyperion-css-1v9qo5x\">Nu s\u00f6rjs b\u00e5de kvinnan och pojken av ett stort antal H\u00f6rbybor. <\/p>\n<p class=\"hyperion-css-1v9qo5x\">\u2013 Barnen har spelat fotboll ihop och vi har varit hemma hos dom flera g\u00e5nger. Jag fattar det inte, s\u00e4ger Jennifer R\u00f6hr. <\/p>\n<p>expand-left<\/p>\n<p>helsk\u00e4rm<img decoding=\"async\" class=\"image-asset hyperion-css-u06ts1\" data-test-tag=\"image-asset\" src=\"https:\/\/www.europesays.com\/se\/wp-content\/uploads\/2025\/12\/fadbc1dd-397d-44f2-9b91-ec39c553aeae\"  alt=\"Jennifer R\u00f6hr s\u00f6rjer kvinnan och hennes barn. \"  loading=\"eager\" fetchpriority=\"high\" style=\"aspect-ratio:1900 \/ 1035\"\/>Jennifer R\u00f6hr s\u00f6rjer kvinnan och hennes barn. Foto: Krister HanssonKrishantering p\u00e5 skola<\/p>\n<p class=\"hyperion-css-1v9qo5x\">Hon har kommit till platsen med sina barn Jone, 10, och Joline, 8. De var kamrater med den drabbade pojken. Jennifer R\u00f6hr uppfattade det som om kommunen mest satsat p\u00e5 krishantering p\u00e5 en av kommunens tre skolor.<\/p>\n<p class=\"hyperion-css-1v9qo5x\">\u2013  De har haft m\u00f6ten och personalen har bem\u00f6tt barnen individuellt \u2013 med det st\u00f6d de beh\u00f6ver, s\u00e4ger Jennifer R\u00f6hr. <\/p>\n<p>expand-left<\/p>\n<p>helsk\u00e4rm<img decoding=\"async\" class=\"image-asset hyperion-css-u06ts1\" data-test-tag=\"image-asset\" src=\"https:\/\/www.europesays.com\/se\/wp-content\/uploads\/2025\/12\/f8eaa418-74f9-4764-9732-4cd66349fd37\"  alt=\"Jennifer R\u00f6hr med sina barn Jone och Joline. \"  loading=\"eager\" fetchpriority=\"high\" style=\"aspect-ratio:1900 \/ 1267\"\/>Jennifer R\u00f6hr med sina barn Jone och Joline. Foto: Krister Hansson<\/p>\n<p class=\"hyperion-css-1v9qo5x\">Pojkens d\u00f6dsfall fick d\u00e4remot inte s\u00e5 mycket uppm\u00e4rksamhet p\u00e5 de andra tv\u00e5 skolorna. Det \u00e4r hon besviken p\u00e5. <\/p>\n<p class=\"hyperion-css-1v9qo5x\">\u2013 Pojken var omtyckt och hade v\u00e4nner som k\u00e4nde honom \u00e4ven p\u00e5 de andra skolorna.<\/p>\n<p class=\"hyperion-css-1v9qo5x\">Jennifer R\u00f6hr var bekant med familjen och s\u00e4ger att kvinnan alltid var s\u00e5 positiv och trevlig.  <\/p>\n<p class=\"hyperion-css-1v9qo5x\">\u2013 Vi har umg\u00e5tts med familjen sedan barnen var sm\u00e5, s\u00e4ger hon och b\u00f6rjar gr\u00e5ta. <\/p>\n<p class=\"hyperion-css-1v9qo5x\">N\u00e4r minsta barnet ser det ger hon sin mamma en kram. De blir st\u00e5ende s\u00e5 en l\u00e5ng stund.<\/p>\n<p>chevron-leftf\u00f6reg\u00e5ende<\/p>\n<ul class=\"carousel-container-viewport\" style=\"transform:translate3d(0%, 0, 0)\">\n<li class=\"carousel-slide\" style=\"z-index:1;filter:none(1);padding-bottom:58.26315%\"><img decoding=\"async\" class=\"image-asset hyperion-css-u06ts1\" data-test-tag=\"image-asset\" src=\"https:\/\/www.europesays.com\/se\/wp-content\/uploads\/2025\/12\/5186f019-a8c8-45bb-b819-c98e669235d6\"  alt=\"\"  fetchpriority=\"auto\" style=\"aspect-ratio:1900 \/ 1107\"\/><\/li>\n<li class=\"carousel-slide\" style=\"filter:none(0.3);padding-bottom:58.26315%\"><img decoding=\"async\" class=\"image-asset hyperion-css-u06ts1\" data-test-tag=\"image-asset\" src=\"https:\/\/www.europesays.com\/se\/wp-content\/uploads\/2025\/12\/bea008db-d5bd-408b-83de-fe6d85a68cb4\"  alt=\"\"  fetchpriority=\"auto\" style=\"aspect-ratio:1900 \/ 1267\"\/><\/li>\n<\/ul>\n<p>expand-left<\/p>\n<p>helsk\u00e4rmchevron-rightn\u00e4staM\u00e5nga H\u00f6rbybor s\u00f6rjer kvinnan och hennes son.<\/p>\n<p>1 \/ 2Foto: Krister Hansson<\/p>\n<p> \u201dIngen pratade om det\u201d<\/p>\n<p class=\"hyperion-css-1v9qo5x\">Nio\u00e5riga Emma Larsson s\u00f6rjer ocks\u00e5 sin kamrat. Hon \u00e4r besviken p\u00e5 hur skolan hanterat att pojken d\u00f6tt. <\/p>\n<p class=\"hyperion-css-1v9qo5x\">\u2013 Vi hade ingen tyst minut \u2013 det var d\u00e5ligt. Ingen pratade om det eller t\u00e4nde n\u00e5got ljus. Det var bara en flagga p\u00e5 halvst\u00e5ng, s\u00e4ger Emma Larsson.<\/p>\n<p class=\"hyperion-css-1v9qo5x\">Hon f\u00e5r medh\u00e5ll fr\u00e5n sin mamma. <\/p>\n<p class=\"hyperion-css-1v9qo5x\">\u2013 Jag tyckte inte heller att det var bra. Jag fr\u00e5gade \u00e4nd\u00e5 imorse hur de skulle g\u00f6ra. D\u00e5 sa de att: om barnen tog upp n\u00e5got s\u00e5 skulle de besvara fr\u00e5gor, s\u00e4ger Stephanie Larsson, mamma till Emma. <\/p>\n<p>expand-left<\/p>\n<p>helsk\u00e4rm<img decoding=\"async\" class=\"image-asset hyperion-css-u06ts1\" data-test-tag=\"image-asset\" src=\"https:\/\/www.europesays.com\/se\/wp-content\/uploads\/2025\/12\/0c4b2142-ca41-4d05-971b-c9ecdadca1c7\"  alt=\"St\u00e9phanie Larsson\"  loading=\"eager\" fetchpriority=\"high\" style=\"aspect-ratio:1900 \/ 1267\"\/>St\u00e9phanie Larsson Foto:  Krister Hansson. K\u00e4nde m\u00e5nga<\/p>\n<p class=\"hyperion-css-1v9qo5x\">St\u00e9phanie Larsson s\u00e4ger att kvinnan och pojken var aktiva i f\u00f6reningslivet i kommunen. Pojken var duktig p\u00e5 bollsporter och spelade b\u00e5de fotboll och handboll. <\/p>\n<p class=\"hyperion-css-1v9qo5x\">\u00c4ven St\u00e9phanie Larsson f\u00e5r t\u00e5rar i \u00f6gonen n\u00e4r hon pratar om kvinnan och hennes son. <\/p>\n<p class=\"hyperion-css-1v9qo5x\">\u2013 Man m\u00e5r mest d\u00e5ligt. Det \u00e4r s\u00e5 sv\u00e5rt att f\u00f6rst\u00e5, s\u00e4ger St\u00e9phanie Larsson.<\/p>\n<p class=\"hyperion-css-1v9qo5x\">Aftonbladet har s\u00f6kt kommundirekt\u00f6r Linda Strand f\u00f6r en kommentar. P\u00e5 en presstr\u00e4ff tidigare under onsdagen var hon mycket ber\u00f6rd \u00f6ver det som h\u00e4nt i <a data-test-tag=\"internal-link\" href=\"https:\/\/www.aftonbladet.se\/lokala-nyheter\/horby\" class=\"hyperion-css-15jkft9\" rel=\"nofollow noopener\" target=\"\" aria-label=\"H\u00f6rby\">H\u00f6rby<\/a>. <\/p>\n<p class=\"hyperion-css-1v9qo5x\">\u2013 Vi \u00e4r en kommun i sorg och det g\u00e5r inte att undg\u00e5 att vi alla blir ber\u00f6rda. Min allra varmaste omtanke till de anh\u00f6riga. <\/p>\n<p>expand-left<\/p>\n<p>helsk\u00e4rm<img decoding=\"async\" class=\"image-asset hyperion-css-u06ts1\" data-test-tag=\"image-asset\" src=\"https:\/\/www.europesays.com\/se\/wp-content\/uploads\/2025\/12\/e4c32d74-6a91-4010-b916-ad43f7d0fb46\"  alt=\"\"  loading=\"eager\" fetchpriority=\"high\" style=\"aspect-ratio:1900 \/ 1041\"\/> Foto: Krister Hansson \/ Krister Hansson Aftonbladet<\/p>\n","protected":false},"excerpt":{"rendered":"Uppdaterad 19.46 | Publicerad 18.42 share-arrowDela unsaveSpara expand-left helsk\u00e4rmSt\u00e9phanie Larsson kramar om sin dotter Emma, 9 \u00e5r. Foto:&hellip;\n","protected":false},"author":2,"featured_media":102233,"comment_status":"","ping_status":"","sticky":false,"template":"","format":"standard","meta":{"footnotes":""},"categories":[5],"tags":[22,23,26,27,17,21,24,25,28,29,15,16,18,34,31,33,32,30,19,20],"class_list":{"0":"post-102232","1":"post","2":"type-post","3":"status-publish","4":"format-standard","5":"has-post-thumbnail","7":"category-rubriker","8":"tag-breaking-news","9":"tag-breakingnews","10":"tag-featured-news","11":"tag-featurednews","12":"tag-headlines","13":"tag-huvudnyheter","14":"tag-latest-news","15":"tag-latestnews","16":"tag-main-news","17":"tag-mainnews","18":"tag-news","19":"tag-nyheter","20":"tag-rubriker","21":"tag-se","22":"tag-svenska","23":"tag-sverige","24":"tag-sweden","25":"tag-swedish","26":"tag-top-stories","27":"tag-topstories"},"share_on_mastodon":{"url":"https:\/\/pubeurope.com\/@se\/115696856850155550","error":""},"_links":{"self":[{"href":"https:\/\/www.europesays.com\/se\/wp-json\/wp\/v2\/posts\/102232","targetHints":{"allow":["GET"]}}],"collection":[{"href":"https:\/\/www.europesays.com\/se\/wp-json\/wp\/v2\/posts"}],"about":[{"href":"https:\/\/www.europesays.com\/se\/wp-json\/wp\/v2\/types\/post"}],"author":[{"embeddable":true,"href":"https:\/\/www.europesays.com\/se\/wp-json\/wp\/v2\/users\/2"}],"replies":[{"embeddable":true,"href":"https:\/\/www.europesays.com\/se\/wp-json\/wp\/v2\/comments?post=102232"}],"version-history":[{"count":0,"href":"https:\/\/www.europesays.com\/se\/wp-json\/wp\/v2\/posts\/102232\/revisions"}],"wp:featuredmedia":[{"embeddable":true,"href":"https:\/\/www.europesays.com\/se\/wp-json\/wp\/v2\/media\/102233"}],"wp:attachment":[{"href":"https:\/\/www.europesays.com\/se\/wp-json\/wp\/v2\/media?parent=102232"}],"wp:term":[{"taxonomy":"category","embeddable":true,"href":"https:\/\/www.europesays.com\/se\/wp-json\/wp\/v2\/categories?post=102232"},{"taxonomy":"post_tag","embeddable":true,"href":"https:\/\/www.europesays.com\/se\/wp-json\/wp\/v2\/tags?post=102232"}],"curies":[{"name":"wp","href":"https:\/\/api.w.org\/{rel}","templated":true}]}}