{"id":102234,"date":"2025-12-10T19:12:09","date_gmt":"2025-12-10T19:12:09","guid":{"rendered":"https:\/\/www.europesays.com\/se\/102234\/"},"modified":"2025-12-10T19:12:09","modified_gmt":"2025-12-10T19:12:09","slug":"akuta-ekonomiska-problem-for-nybro-vikings","status":"publish","type":"post","link":"https:\/\/www.europesays.com\/se\/102234\/","title":{"rendered":"Akuta ekonomiska problem f\u00f6r Nybro Vikings"},"content":{"rendered":"<p>Publicerad 10 dec 2025 kl 19.24Uppdaterad kl 19.41<\/p>\n<p>Fyra miljoner m\u00e5ste in.<\/p>\n<p>Och det \u00e4r br\u00e5ttom f\u00f6r Nybro Vikings.<\/p>\n<p>\u2013 Det \u00e4r final call, s\u00e4ger ordf\u00f6randen Magnus Krantz till<a href=\"https:\/\/www.barometern.se\/sport\/nybro-vikings-sista-desperata-rop-pa-hjalp-det-ar-final-call\/\" rel=\"nofollow noopener\" target=\"_blank\"> Barometern<\/a>\u00a0<\/p>\n<p><img   alt=\"\"\/> <\/p>\n<p>Foto: PATRIC S\u00d6DERSTR\u00d6M \/ BILDBYR\u00c5N<\/p>\n<p>\u00d6ppna bild i helsk\u00e4rm<img loading=\"lazy\"   alt=\"\"\/> <\/p>\n<p>Foto: SUVAD MRKONJIC \/ BILDBYR\u00c5N<\/p>\n<p>\u00d6ppna bild i helsk\u00e4rm<img loading=\"lazy\"   alt=\"\"\/> <\/p>\n<p>Foto: PATRIC S\u00d6DERSTR\u00d6M \/ BILDBYR\u00c5N<\/p>\n<p>\u00d6ppna bild i helsk\u00e4rm<\/p>\n<p>\u2022 Nybro Vikings riskerar konkurs \u2013 fyra miljoner kr\u00e4vs akut.<\/p>\n<p>\u2022 Swishkampanj och st\u00f6d fr\u00e5n kommunen ska r\u00e4dda klubben.<\/p>\n<p>\u2022 Klubbens framtid avg\u00f6rs f\u00f6re jul.<\/p>\n<p>Visa mer<\/p>\n<p>Nybro Vikings i hockeyallsvenskan brottats med ekonomiska problem. Redan i h\u00f6stas flaggade Sm\u00e5landsklubben f\u00f6r att det beh\u00f6vdes tre miljoner kronor f\u00f6r att kunna forts\u00e4tta verksamheten. P\u00e5 ett medlemsm\u00f6te under m\u00e5ndagen ber\u00e4ttade ordf\u00f6randen Magnus Krantz att man f\u00e5tt in totalt 1,2 miljoner i extra st\u00f6d, men att det inte r\u00e4cker och summan som m\u00e5ste in nu \u00f6kat p\u00e5 grund av int\u00e4ktstapp kring matcherna.<\/p>\n<p>Nya given? Fyra miljoner \u2013 och det \u00e4r br\u00e5da dagar.<\/p>\n<p>\u2013 Helst f\u00f6re jul vill vi ha signaler p\u00e5 att vi kan f\u00e5 in de pengar som kr\u00e4vs f\u00f6r att s\u00e4kerst\u00e4lla v\u00e5r framtid. Det \u00e4r final call. Om Nybro Vikings ska kunna finnas kvar som elitf\u00f6rening beh\u00f6ver vi f\u00e5 in de h\u00e4r pengarna, s\u00e4ger Magnus Krantz till <a href=\"https:\/\/www.barometern.se\/sport\/nybro-vikings-sista-desperata-rop-pa-hjalp-det-ar-final-call\/\" rel=\"nofollow noopener\" target=\"_blank\">Barometern.<\/a><\/p>\n<p>\u201dKostat stora pengar\u201d<\/p>\n<p>Tidningen rapporterar att medlemmar p\u00e5 plats p\u00e5 m\u00f6tet direkt drog i g\u00e5ng en Swishkampanj och klubben hoppas ocks\u00e5 p\u00e5 mer pengar fr\u00e5n kommunen.<\/p>\n<p>Enligt Krantz, som tog \u00f6ver som ordf\u00f6rande i somras, blev den tidigare ledningen fartblind i samband med att laget tog sig tillbaka till allsvenskan 2023.<\/p>\n<p>\u2013 Framf\u00f6rallt \u00e4r det eng\u00e5ngsposter som kostat stora pengar. Jag tror den tidigare ledningen var v\u00e4ldigt berusade av att vara tillbaka i allsvenskan. Oms\u00e4ttning \u00e4r en sak \u2013 det \u00e4r vad som st\u00e5r p\u00e5 sista raden som \u00e4r det viktiga.<\/p>\n<p>Nybro ligger p\u00e5 \u00e5ttonde plats i den hockeyallsvenska tabellen. Men vill det sig illa kan allts\u00e5 elitf\u00f6reningen snart vara ett minne blott.<\/p>\n<p>\u2013 Det \u00e4r v\u00e5r absoluta f\u00f6rhoppning att det ska g\u00e5 och n\u00e5got annat finns inte i v\u00e5r tankev\u00e4rld just nu. Nybro Vikings \u00e4r inte bara en f\u00f6rening \u2013 det \u00e4r en samh\u00e4llsinstitution i v\u00e5r kommun. Det enda som vi egentligen kan samlas kring och engagera oss i tillsammans. Om vi skulle sl\u00e4cka lyset i hallen s\u00e5 finns det inte mycket annat h\u00e4r. Det vore en otroligt stor f\u00f6rlust f\u00f6r Nybro, s\u00e4ger Magnus Krantz.<\/p>\n","protected":false},"excerpt":{"rendered":"Publicerad 10 dec 2025 kl 19.24Uppdaterad kl 19.41 Fyra miljoner m\u00e5ste in. Och det \u00e4r br\u00e5ttom f\u00f6r Nybro&hellip;\n","protected":false},"author":2,"featured_media":102235,"comment_status":"","ping_status":"","sticky":false,"template":"","format":"standard","meta":{"footnotes":""},"categories":[68],"tags":[34,130,255,111,110,31,33,32,30],"class_list":{"0":"post-102234","1":"post","2":"type-post","3":"status-publish","4":"format-standard","5":"has-post-thumbnail","7":"category-sport","8":"tag-se","9":"tag-sections-allsvenskan","10":"tag-sections-ishockey","11":"tag-sport","12":"tag-sports","13":"tag-svenska","14":"tag-sverige","15":"tag-sweden","16":"tag-swedish"},"share_on_mastodon":{"url":"","error":""},"_links":{"self":[{"href":"https:\/\/www.europesays.com\/se\/wp-json\/wp\/v2\/posts\/102234","targetHints":{"allow":["GET"]}}],"collection":[{"href":"https:\/\/www.europesays.com\/se\/wp-json\/wp\/v2\/posts"}],"about":[{"href":"https:\/\/www.europesays.com\/se\/wp-json\/wp\/v2\/types\/post"}],"author":[{"embeddable":true,"href":"https:\/\/www.europesays.com\/se\/wp-json\/wp\/v2\/users\/2"}],"replies":[{"embeddable":true,"href":"https:\/\/www.europesays.com\/se\/wp-json\/wp\/v2\/comments?post=102234"}],"version-history":[{"count":0,"href":"https:\/\/www.europesays.com\/se\/wp-json\/wp\/v2\/posts\/102234\/revisions"}],"wp:featuredmedia":[{"embeddable":true,"href":"https:\/\/www.europesays.com\/se\/wp-json\/wp\/v2\/media\/102235"}],"wp:attachment":[{"href":"https:\/\/www.europesays.com\/se\/wp-json\/wp\/v2\/media?parent=102234"}],"wp:term":[{"taxonomy":"category","embeddable":true,"href":"https:\/\/www.europesays.com\/se\/wp-json\/wp\/v2\/categories?post=102234"},{"taxonomy":"post_tag","embeddable":true,"href":"https:\/\/www.europesays.com\/se\/wp-json\/wp\/v2\/tags?post=102234"}],"curies":[{"name":"wp","href":"https:\/\/api.w.org\/{rel}","templated":true}]}}