{"id":102240,"date":"2025-12-10T19:25:27","date_gmt":"2025-12-10T19:25:27","guid":{"rendered":"https:\/\/www.europesays.com\/se\/102240\/"},"modified":"2025-12-10T19:25:27","modified_gmt":"2025-12-10T19:25:27","slug":"misstankta-kvinnan-blir-kvar-i-haktet-overklagan-avslas-unt","status":"publish","type":"post","link":"https:\/\/www.europesays.com\/se\/102240\/","title":{"rendered":"Misst\u00e4nkta kvinnan blir kvar i h\u00e4ktet \u2013 \u00f6verklagan avsl\u00e5s &#8211; UNT"},"content":{"rendered":"<ol>\n<li><a href=\"https:\/\/news.google.com\/rss\/articles\/CBMingFBVV95cUxQbk9MNjIzVXJZdzREMEt6Q3JCLW8tVmtvZDFCM2NDWEpZU1FBUFVqUW41dndVS04tQWlVVVZPTlNlV1lkbVBKZUVqZDNCcjAyWExrWDVzeHBERk5wSVlEMVhKMVJHbE5qUkgzM1hRNGJGakhFQkdsWkFEY0NJbUVScWRFVDlEMkN4bE03dVVnaHFWZXdPQ041OFN1QXpvZw?oc=5\" target=\"_blank\" rel=\"nofollow noopener\">Misst\u00e4nkta kvinnan blir kvar i h\u00e4ktet \u2013 \u00f6verklagan avsl\u00e5s<\/a>&nbsp;&nbsp;UNT<\/li>\n<li><a href=\"https:\/\/news.google.com\/rss\/articles\/CBMioAFBVV95cUxQVXdVU1p0RnZsNXVjdHlIQ1pSY2RBR3JpdWs4Nm9KU0N1UENnNFYtQWI5YVo0d1hvdFI3d1JkemtORjdVS090YW5WMHBmUWc3ekZ1RHVvd0hkRVZSSV9XV19oczBKanJXRWxMdHlOVEZBZWdfNThkaVNRa0ZhYzBKV0dVZzN2VGl0b3BJZTZRdzY0QVQ5bzd2Q05wd0JfbWl3?oc=5\" target=\"_blank\" rel=\"nofollow noopener\">Uppgifter: Misst\u00e4nks ha spetsat energidrycker p\u00e5 Akademiska<\/a>&nbsp;&nbsp;Aftonbladet<\/li>\n<li><a href=\"https:\/\/news.google.com\/rss\/articles\/CBMiqgFBVV95cUxOeFU5aXFwUWN5RXFpdl9vNmpJTUxxMFlvZkMxY2w1eDFsUHJkdHkzNGw3QXkwZm9HWVp3YlQ3LXh1cTJnam5ydUg3UURvUGtJTklxZ2tNc0hDVzFPYnVQSUxFT0NpOU1aNGNfbm9QYjdGeXFqNXVyV0NxelpvRGx5ck5LTU52Qmt6MmdJQmJfWml1aWhMdjlxMlhsMnJvdFdoaTZsMHhuYWd3UQ?oc=5\" target=\"_blank\" rel=\"nofollow noopener\">Ekot 17:45 H\u00f6ga halter milj\u00f6gifter i Falu gruvavfall \u2013 kan skada barn 10 december 2025 &#8211; Ekot nyhetss\u00e4ndning<\/a>&nbsp;&nbsp;Sveriges Radio<\/li>\n<li><a href=\"https:\/\/news.google.com\/rss\/articles\/CBMimwFBVV95cUxONjQzTFg3ZjZKc0FxMl9sMVVXUHpqeE9vLWpXVTRwbmVKMEplV1c1VmhDalhyVS1RZW0zT1E1Tkx2cFRlUTA3QUhFY0dlWWZQR2RXQmlPV25lTzZwVENIZjZZYkNLMHhYMWZPdjJJcEp1R2J3aGFBVmNHVDBXWi1OMEstQzJQQmdrTXU1MHRVNHhhU1JGTUlZZ2RKOA?oc=5\" target=\"_blank\" rel=\"nofollow noopener\">S\u00e5 m\u00e5r offren nu \u2013 efter misst\u00e4nkta f\u00f6rgiftningen<\/a>&nbsp;&nbsp;UNT<\/li>\n<li><a href=\"https:\/\/news.google.com\/rss\/articles\/CBMisAFBVV95cUxQOF9mSGZjUlg2b0lzOGp3bDBIU21JWUdGSWxOMUd1bnlBRHAwMXhIUmVJMFlKQkJNOF9lbE5sWjlFT29tWFQ3bVBKTXI3cVhUMGJIdVdqS2s2V3B4d0cxVHpDTGJ4N0tsX2VrRksyR2NlaHpnam9uTUZuM2ROd3M1WE9hem8ta2JsdTR3N1JrTy1TVnl4UG1SUHpqZnluMURiRHR6RXg3blBwRnVCZVo1Yw?oc=5\" target=\"_blank\" rel=\"nofollow noopener\">Hovr\u00e4tten avsl\u00e5r \u00f6verklagan \u2013 misst\u00e4nkt f\u00f6r f\u00f6rgiftningar kvar i h\u00e4ktet<\/a>&nbsp;&nbsp;SVT Nyheter<\/li>\n<\/ol>\n","protected":false},"excerpt":{"rendered":"Misst\u00e4nkta kvinnan blir kvar i h\u00e4ktet \u2013 \u00f6verklagan avsl\u00e5s&nbsp;&nbsp;UNT Uppgifter: Misst\u00e4nks ha spetsat energidrycker p\u00e5 Akademiska&nbsp;&nbsp;Aftonbladet Ekot 17:45&hellip;\n","protected":false},"author":2,"featured_media":102241,"comment_status":"","ping_status":"","sticky":false,"template":"","format":"standard","meta":{"footnotes":""},"categories":[12],"tags":[22,23,26,27,17,21,24,25,28,29,15,16,18,34,31,33,32,30,19,20],"class_list":{"0":"post-102240","1":"post","2":"type-post","3":"status-publish","4":"format-standard","5":"has-post-thumbnail","7":"category-sverige","8":"tag-breaking-news","9":"tag-breakingnews","10":"tag-featured-news","11":"tag-featurednews","12":"tag-headlines","13":"tag-huvudnyheter","14":"tag-latest-news","15":"tag-latestnews","16":"tag-main-news","17":"tag-mainnews","18":"tag-news","19":"tag-nyheter","20":"tag-rubriker","21":"tag-se","22":"tag-svenska","23":"tag-sverige","24":"tag-sweden","25":"tag-swedish","26":"tag-top-stories","27":"tag-topstories"},"share_on_mastodon":{"url":"https:\/\/pubeurope.com\/@se\/115696915122630801","error":""},"_links":{"self":[{"href":"https:\/\/www.europesays.com\/se\/wp-json\/wp\/v2\/posts\/102240","targetHints":{"allow":["GET"]}}],"collection":[{"href":"https:\/\/www.europesays.com\/se\/wp-json\/wp\/v2\/posts"}],"about":[{"href":"https:\/\/www.europesays.com\/se\/wp-json\/wp\/v2\/types\/post"}],"author":[{"embeddable":true,"href":"https:\/\/www.europesays.com\/se\/wp-json\/wp\/v2\/users\/2"}],"replies":[{"embeddable":true,"href":"https:\/\/www.europesays.com\/se\/wp-json\/wp\/v2\/comments?post=102240"}],"version-history":[{"count":0,"href":"https:\/\/www.europesays.com\/se\/wp-json\/wp\/v2\/posts\/102240\/revisions"}],"wp:featuredmedia":[{"embeddable":true,"href":"https:\/\/www.europesays.com\/se\/wp-json\/wp\/v2\/media\/102241"}],"wp:attachment":[{"href":"https:\/\/www.europesays.com\/se\/wp-json\/wp\/v2\/media?parent=102240"}],"wp:term":[{"taxonomy":"category","embeddable":true,"href":"https:\/\/www.europesays.com\/se\/wp-json\/wp\/v2\/categories?post=102240"},{"taxonomy":"post_tag","embeddable":true,"href":"https:\/\/www.europesays.com\/se\/wp-json\/wp\/v2\/tags?post=102240"}],"curies":[{"name":"wp","href":"https:\/\/api.w.org\/{rel}","templated":true}]}}