{"id":102261,"date":"2025-12-10T19:53:38","date_gmt":"2025-12-10T19:53:38","guid":{"rendered":"https:\/\/www.europesays.com\/se\/102261\/"},"modified":"2025-12-10T19:53:38","modified_gmt":"2025-12-10T19:53:38","slug":"linnea-lundstroms-familj-hotas-efter-youtube-braket","status":"publish","type":"post","link":"https:\/\/www.europesays.com\/se\/102261\/","title":{"rendered":"Linnea Lundstr\u00f6ms familj hotas efter Youtube-br\u00e5ket"},"content":{"rendered":"<p>Publicerad 9 dec 2025 kl 09.41Uppdaterad kl 15.16<\/p>\n<p>Den s\u00e5riga konflikten har dragit in miljontals visningar p\u00e5 Youtube.<\/p>\n<p>Nu ber\u00e4ttar familjen till \u201dChrippas\u201d hustru Linnea Lundstr\u00f6m om hatet och hoten, i <a href=\"https:\/\/www.svt.se\/nyheter\/lokalt\/ost\/familjen-drogs-in-i-sveriges-storsta-youtubedrama-lever-under-hot\" rel=\"nofollow noopener\" target=\"_blank\">SVT:s dokument\u00e4r<\/a>.<\/p>\n<p>\u2013 Det \u00e4r hur sjukt som helst men vi vet ju att folk d\u00e4r ute vill oss illa, s\u00e4ger mamman Lindha Lundstr\u00f6m, i \u201dDokument Inifr\u00e5n\u201d.<\/p>\n<p><img loading=\"lazy\"   alt=\"\"\/><\/p>\n<p>Lindha Lundstr\u00f6m ber\u00e4ttar om hatet mot familjen.<\/p>\n<p>Foto: SVT<\/p>\n<p>\u00d6ppna bild i helsk\u00e4rm<img loading=\"lazy\"   alt=\"\"\/><\/p>\n<p>Christofer \u201dChrippa\u201d Berg och hustrun Linnea Lundstr\u00f6m i Link\u00f6pings tingsr\u00e4tt d\u00e4r han st\u00e5r \u00e5talad f\u00f6r flera grova ekobrott.<\/p>\n<p>Foto: SVEN LINDWALL<\/p>\n<p>\u00d6ppna bild i helsk\u00e4rm<\/p>\n<p>Influencern Christofer \u201dChrippa\u201d Lundstr\u00f6m och Linnea Lundstr\u00f6m anklagade varandra f\u00f6r tv\u00e5 \u00e5r sedan f\u00f6r flera olika \u00f6vergrepp. \u201dChrippa\u201d satt en period h\u00e4ktad misst\u00e4nkt f\u00f6r misshandel av henne \u2013 en utredning som lades ner.<\/p>\n<p>Bland de som st\u00e4llde sig bakom \u201dChrippa\u201d fanns youtubern Pontus \u201dAnjo\u201d Bj\u00f6rlund, n\u00e4ra v\u00e4n med halvbrodern Joakim Lundell. \u201dAnjo\u201d fortsatte att spela in videor med anklagelser \u00e4ven efter att \u201dChrippa\u201d och Linnea \u00e5terf\u00f6renats och tagit tillbaka anklagelserna mot varandra.<\/p>\n<p>Hoten mot barnen<\/p>\n<p>Men hatet och ryktesspridningen riktades inte bara mot paret, som nu gift sig, utan ocks\u00e5 familjemedlemmar drabbades. Nu ber\u00e4ttar Linnea Lundstr\u00f6ms familj i <a href=\"https:\/\/www.svtplay.se\/video\/jAM351r\/dokument-inifran-hatet\/2-sekten\" rel=\"nofollow noopener\" target=\"_blank\">\u201dDokument Inifr\u00e5n\u201d<\/a> om hatet men ocks\u00e5 om grova hot.<\/p>\n<p>\u2013 Det som sm\u00e4rtar mest \u00e4r n\u00e4r v\u00e5ra yngre barn blir utsatta f\u00f6r de h\u00e4r hoten. Man ska pissa min son i munnen, man ska klippa dem, man ska fimpa dem, s\u00e4ger Lindha Lundstr\u00f6m i programmet.<\/p>\n<p>Stenar mot hunden<\/p>\n<p>Det har bland annat spridits rykten om att familjen var med i en sekt och f\u00f6r\u00e4ldrarna anklagades f\u00f6r att ha drivit en man till sj\u00e4lvmord. Det har bland annat kastats sten mot familjens hund och bild\u00e4ck har skurits upp, ber\u00e4ttar de.<\/p>\n<p>Pontus \u201dAnjo\u201d Bj\u00f6rlund s\u00e4ger i dokument\u00e4ren att han inte \u00e5ngrar n\u00e5got, men att han vill be om urs\u00e4kt.<\/p>\n<p>\u2013 Om Linneas familj genuint k\u00e4nner att det \u00e4r mitt fel d\u00e5 vill jag definitivt be om urs\u00e4kt. Pontus vill be om urs\u00e4kt. \u201dAnjo\u201d, det \u00e4r en annan sak. Det kan jag typ inte kontrollera p\u00e5 n\u00e5got s\u00e4tt, s\u00e4ger han i programmet.<\/p>\n<p>Christofer \u201dChrippa\u201d Lundstr\u00f6m s\u00e4ger att han gjort fel n\u00e4r han postat vissa videor. Han har bland annat anklagat andra youtubers f\u00f6r brott, h\u00e5nat och spridit hat.<\/p>\n<p>\u2013 Jag kan s\u00e4ga i det h\u00e4r dramat s\u00e5 har jag gjort extremt mycket misstag. Jag har ljugit om vissa saker som jag inte borde ljugit om. Jag har sagt vissa saker om vissa personer som jag absolut inte borde s\u00e4ga, s\u00e4ger han i <a href=\"https:\/\/www.expressen.se\/tagg\/organization\/svt\/\" class=\"\" rel=\"nofollow noopener\" target=\"_blank\">SVT<\/a>.<\/p>\n<p>Expressen har s\u00f6kt Lindha Lundstr\u00f6m som inte vill ge n\u00e5gra ytterligare kommentarer.<\/p>\n<p><strong>L\u00c4S MER: <\/strong><a href=\"https:\/\/www.expressen.se\/noje\/chrippas-anger-i-svts-dokumentar-jag-har-ljugit\/\" class=\"\" rel=\"nofollow noopener\" target=\"_blank\">\u201dChrippas\u201d \u00e5nger i SVT:s dokument\u00e4r: \u201dJag har ljugit\u201d<\/a><strong>L\u00c4S MER: <\/strong><a href=\"https:\/\/www.expressen.se\/noje\/joakim-lundells-samtal-med-svt-infor-hatet\/\" class=\"\" rel=\"nofollow noopener\" target=\"_blank\">Joakim Lundells samtal med SVT inf\u00f6r \u201dHatet\u201d<\/a><\/p>\n","protected":false},"excerpt":{"rendered":"Publicerad 9 dec 2025 kl 09.41Uppdaterad kl 15.16 Den s\u00e5riga konflikten har dragit in miljontals visningar p\u00e5 Youtube.&hellip;\n","protected":false},"author":2,"featured_media":102262,"comment_status":"","ping_status":"","sticky":false,"template":"","format":"standard","meta":{"footnotes":""},"categories":[67],"tags":[104,361,11572,2470,34,31,33,32,30,428,105],"class_list":{"0":"post-102261","1":"post","2":"type-post","3":"status-publish","4":"format-standard","5":"has-post-thumbnail","7":"category-underhallning","8":"tag-entertainment","9":"tag-organization-svt","10":"tag-person-christofer-chrippa-lundstrom","11":"tag-person-joakim-lundell","12":"tag-se","13":"tag-svenska","14":"tag-sverige","15":"tag-sweden","16":"tag-swedish","17":"tag-topic-influencers","18":"tag-underhallning"},"share_on_mastodon":{"url":"https:\/\/pubeurope.com\/@se\/115697025278479584","error":""},"_links":{"self":[{"href":"https:\/\/www.europesays.com\/se\/wp-json\/wp\/v2\/posts\/102261","targetHints":{"allow":["GET"]}}],"collection":[{"href":"https:\/\/www.europesays.com\/se\/wp-json\/wp\/v2\/posts"}],"about":[{"href":"https:\/\/www.europesays.com\/se\/wp-json\/wp\/v2\/types\/post"}],"author":[{"embeddable":true,"href":"https:\/\/www.europesays.com\/se\/wp-json\/wp\/v2\/users\/2"}],"replies":[{"embeddable":true,"href":"https:\/\/www.europesays.com\/se\/wp-json\/wp\/v2\/comments?post=102261"}],"version-history":[{"count":0,"href":"https:\/\/www.europesays.com\/se\/wp-json\/wp\/v2\/posts\/102261\/revisions"}],"wp:featuredmedia":[{"embeddable":true,"href":"https:\/\/www.europesays.com\/se\/wp-json\/wp\/v2\/media\/102262"}],"wp:attachment":[{"href":"https:\/\/www.europesays.com\/se\/wp-json\/wp\/v2\/media?parent=102261"}],"wp:term":[{"taxonomy":"category","embeddable":true,"href":"https:\/\/www.europesays.com\/se\/wp-json\/wp\/v2\/categories?post=102261"},{"taxonomy":"post_tag","embeddable":true,"href":"https:\/\/www.europesays.com\/se\/wp-json\/wp\/v2\/tags?post=102261"}],"curies":[{"name":"wp","href":"https:\/\/api.w.org\/{rel}","templated":true}]}}