{"id":102270,"date":"2025-12-10T20:08:09","date_gmt":"2025-12-10T20:08:09","guid":{"rendered":"https:\/\/www.europesays.com\/se\/102270\/"},"modified":"2025-12-10T20:08:09","modified_gmt":"2025-12-10T20:08:09","slug":"kenza-avslojar-konet-ska-fa-forsta-dottern","status":"publish","type":"post","link":"https:\/\/www.europesays.com\/se\/102270\/","title":{"rendered":"Kenza avsl\u00f6jar k\u00f6net\n\u2013 ska f\u00e5 f\u00f6rsta dottern"},"content":{"rendered":"<p>Publicerad 10 dec 2025 kl 20.45<\/p>\n<p>Kenza Zouiten och Aleksandar Subosic v\u00e4ntar en dotter.<\/p>\n<p>Det meddelar influencern p\u00e5 Instagram.\u00a0<\/p>\n<p>\u201dVi \u00e4r s\u00e5 ivriga att f\u00e5 tr\u00e4ffa dig, lilla v\u00e4n\u201d, skriver Kenza.<\/p>\n<p><img   alt=\"\"\/><\/p>\n<p>Gl\u00e4djetjutet.<\/p>\n<p>Foto: Instagram<\/p>\n<p>\u00d6ppna bild i helsk\u00e4rm<img loading=\"lazy\"   alt=\"\"\/><\/p>\n<p>Paret v\u00e4ntar en dotter.<\/p>\n<p>Foto: Instagram<\/p>\n<p>\u00d6ppna bild i helsk\u00e4rm<img loading=\"lazy\"   alt=\"\"\/><\/p>\n<p>Kenza Zouiten och Aleksandar Subosic.<\/p>\n<p>Foto: Karin T\u00f6rnblom \/ IBL<\/p>\n<p>\u00d6ppna bild i helsk\u00e4rm<\/p>\n<p>I mitten av november gick influencern <a href=\"https:\/\/www.expressen.se\/tagg\/person\/kenza-zouiten\/\" class=\"\" rel=\"nofollow noopener\" target=\"_blank\">Kenza Zouiten<\/a>, 34, ut med att hon v\u00e4ntar sitt fj\u00e4rde barn med maken Aleksandar Subosic, 40.\u00a0<\/p>\n<p>Nu avsl\u00f6jar paret k\u00f6net p\u00e5 barnet.<\/p>\n<p>I en video som Kenza publicerat p\u00e5 Instagram syns paret stoppa ned varsitt champagneglas i en elegant vit t\u00e5rta.\u00a0<\/p>\n<p>\u201dEfter tre vackra pojkar. V\u00e5rt fj\u00e4rde barn \u00e4r en&#8230;\u201d, st\u00e5r det i b\u00f6rjan av videon.<\/p>\n<p>Den rosa f\u00e4rgen avsl\u00f6jar k\u00f6net<\/p>\n<p>N\u00e4r f\u00f6r\u00e4ldrarna gr\u00e4ver upp t\u00e5rtans inneh\u00e5ll med hj\u00e4lp av glasen \u2013 och videon g\u00e5r fr\u00e5n svartvitt till f\u00e4rg \u2013 syns en rosa f\u00e4rg som inneb\u00e4r att de v\u00e4ntar en dotter.\u00a0<\/p>\n<p>De skriker av lycka n\u00e4r de ser den rosa f\u00e4rgen.\u00a0<\/p>\n<p>\u201dVi \u00e4r s\u00e5 ivriga att f\u00e5 tr\u00e4ffa dig, lilla v\u00e4n\u201d, skriver Kenza till videon.\u00a0<\/p>\n<p>I sin podcast \u201dMer \u00e4n bara morsa\u201d, som influencern har tillsammans med v\u00e4nnen Ines Kokics, har hon tidigare uttryckt att hon hade blivit glad ifall det fj\u00e4rde barnet \u00e4r en flicka.\u00a0<\/p>\n<p>\u2013 Jag ska vara helt \u00e4rlig mot allihopa. Sj\u00e4lvklart hade jag blivit j\u00e4ttej\u00e4tteglad om det visar sig att det \u00e4r en flicka eftersom vi har tre grabbar, och det \u00e4r v\u00e5rt absolut sista barn. Det hade varit j\u00e4ttekul att f\u00e5 en dotter. Men \u00e4r det en pojke s\u00e5 \u00e4r det helt fine. Jag tror inte att jag kommer att bli ledsen eller besviken, sa Kenza i podden slutet av november.<\/p>\n<p><a href=\"https:\/\/www.instagram.com\/p\/DSF_6tVCs3e\/\" data-provider=\"instagram\" class=\"js-social-embed\" rel=\"nofollow noopener\" target=\"_blank\">https:\/\/www.instagram.com\/p\/DSF_6tVCs3e\/<\/a><script async src=\"\/\/www.instagram.com\/embed.js\"><\/script><\/p>\n","protected":false},"excerpt":{"rendered":"Publicerad 10 dec 2025 kl 20.45 Kenza Zouiten och Aleksandar Subosic v\u00e4ntar en dotter. Det meddelar influencern p\u00e5&hellip;\n","protected":false},"author":2,"featured_media":102271,"comment_status":"","ping_status":"","sticky":false,"template":"","format":"standard","meta":{"footnotes":""},"categories":[68],"tags":[8244,34,111,110,31,33,32,30,687,428,310],"class_list":{"0":"post-102270","1":"post","2":"type-post","3":"status-publish","4":"format-standard","5":"has-post-thumbnail","7":"category-sport","8":"tag-person-kenza-zouiten","9":"tag-se","10":"tag-sport","11":"tag-sports","12":"tag-svenska","13":"tag-sverige","14":"tag-sweden","15":"tag-swedish","16":"tag-topic-graviditet","17":"tag-topic-influencers","18":"tag-topic-kandisar"},"share_on_mastodon":{"url":"https:\/\/pubeurope.com\/@se\/115697084215380750","error":""},"_links":{"self":[{"href":"https:\/\/www.europesays.com\/se\/wp-json\/wp\/v2\/posts\/102270","targetHints":{"allow":["GET"]}}],"collection":[{"href":"https:\/\/www.europesays.com\/se\/wp-json\/wp\/v2\/posts"}],"about":[{"href":"https:\/\/www.europesays.com\/se\/wp-json\/wp\/v2\/types\/post"}],"author":[{"embeddable":true,"href":"https:\/\/www.europesays.com\/se\/wp-json\/wp\/v2\/users\/2"}],"replies":[{"embeddable":true,"href":"https:\/\/www.europesays.com\/se\/wp-json\/wp\/v2\/comments?post=102270"}],"version-history":[{"count":0,"href":"https:\/\/www.europesays.com\/se\/wp-json\/wp\/v2\/posts\/102270\/revisions"}],"wp:featuredmedia":[{"embeddable":true,"href":"https:\/\/www.europesays.com\/se\/wp-json\/wp\/v2\/media\/102271"}],"wp:attachment":[{"href":"https:\/\/www.europesays.com\/se\/wp-json\/wp\/v2\/media?parent=102270"}],"wp:term":[{"taxonomy":"category","embeddable":true,"href":"https:\/\/www.europesays.com\/se\/wp-json\/wp\/v2\/categories?post=102270"},{"taxonomy":"post_tag","embeddable":true,"href":"https:\/\/www.europesays.com\/se\/wp-json\/wp\/v2\/tags?post=102270"}],"curies":[{"name":"wp","href":"https:\/\/api.w.org\/{rel}","templated":true}]}}