{"id":102276,"date":"2025-12-10T20:22:26","date_gmt":"2025-12-10T20:22:26","guid":{"rendered":"https:\/\/www.europesays.com\/se\/102276\/"},"modified":"2025-12-10T20:22:26","modified_gmt":"2025-12-10T20:22:26","slug":"skjutning-i-kallhall-en-skadad","status":"publish","type":"post","link":"https:\/\/www.europesays.com\/se\/102276\/","title":{"rendered":"Skjutning i Kallh\u00e4ll \u2013 en skadad"},"content":{"rendered":"<p>Larmet kom in 20:49.<\/p>\n<p>\u2013 Vi fick in ett larm om att en person skulle ha blivit skjuten I Kallh\u00e4ll, vi \u00e5kte dit och antr\u00e4ffade en skadad person, s\u00e4ger Nadya Norton<\/p>\n<p>Ambulans \u00e4r p\u00e5 plats och den skadade personen ska antagligen f\u00f6ras till sjukhus.<\/p>\n<p>\u2013 Det \u00e4r v\u00e4ldigt tidigt, men s\u00e5 som jag f\u00f6rst\u00e5r det \u00e4r en person skjuten. Personen verkar ha kunnat g\u00e5 att prata med. Vi har p\u00e5b\u00f6rjat en s\u00f6kinsats f\u00f6r att f\u00e5 tag p\u00e5 den eller de som gjort det h\u00e4r.<\/p>\n<p>Skadel\u00e4get \u00e4r \u00e4nnu oklart.<\/p>\n<p>Texten uppdateras<\/p>\n","protected":false},"excerpt":{"rendered":"Larmet kom in 20:49. \u2013 Vi fick in ett larm om att en person skulle ha blivit skjuten&hellip;\n","protected":false},"author":2,"featured_media":793,"comment_status":"","ping_status":"","sticky":false,"template":"","format":"standard","meta":{"footnotes":""},"categories":[5],"tags":[22,23,26,27,17,21,24,25,28,29,15,16,18,34,31,33,32,30,19,20],"class_list":{"0":"post-102276","1":"post","2":"type-post","3":"status-publish","4":"format-standard","5":"has-post-thumbnail","7":"category-rubriker","8":"tag-breaking-news","9":"tag-breakingnews","10":"tag-featured-news","11":"tag-featurednews","12":"tag-headlines","13":"tag-huvudnyheter","14":"tag-latest-news","15":"tag-latestnews","16":"tag-main-news","17":"tag-mainnews","18":"tag-news","19":"tag-nyheter","20":"tag-rubriker","21":"tag-se","22":"tag-svenska","23":"tag-sverige","24":"tag-sweden","25":"tag-swedish","26":"tag-top-stories","27":"tag-topstories"},"share_on_mastodon":{"url":"https:\/\/pubeurope.com\/@se\/115697139289229695","error":""},"_links":{"self":[{"href":"https:\/\/www.europesays.com\/se\/wp-json\/wp\/v2\/posts\/102276","targetHints":{"allow":["GET"]}}],"collection":[{"href":"https:\/\/www.europesays.com\/se\/wp-json\/wp\/v2\/posts"}],"about":[{"href":"https:\/\/www.europesays.com\/se\/wp-json\/wp\/v2\/types\/post"}],"author":[{"embeddable":true,"href":"https:\/\/www.europesays.com\/se\/wp-json\/wp\/v2\/users\/2"}],"replies":[{"embeddable":true,"href":"https:\/\/www.europesays.com\/se\/wp-json\/wp\/v2\/comments?post=102276"}],"version-history":[{"count":0,"href":"https:\/\/www.europesays.com\/se\/wp-json\/wp\/v2\/posts\/102276\/revisions"}],"wp:featuredmedia":[{"embeddable":true,"href":"https:\/\/www.europesays.com\/se\/wp-json\/wp\/v2\/media\/793"}],"wp:attachment":[{"href":"https:\/\/www.europesays.com\/se\/wp-json\/wp\/v2\/media?parent=102276"}],"wp:term":[{"taxonomy":"category","embeddable":true,"href":"https:\/\/www.europesays.com\/se\/wp-json\/wp\/v2\/categories?post=102276"},{"taxonomy":"post_tag","embeddable":true,"href":"https:\/\/www.europesays.com\/se\/wp-json\/wp\/v2\/tags?post=102276"}],"curies":[{"name":"wp","href":"https:\/\/api.w.org\/{rel}","templated":true}]}}