{"id":102281,"date":"2025-12-10T20:29:28","date_gmt":"2025-12-10T20:29:28","guid":{"rendered":"https:\/\/www.europesays.com\/se\/102281\/"},"modified":"2025-12-10T20:29:28","modified_gmt":"2025-12-10T20:29:28","slug":"folj-kommunfullmaktige-den-15-december-via-webben","status":"publish","type":"post","link":"https:\/\/www.europesays.com\/se\/102281\/","title":{"rendered":"F\u00f6lj kommunfullm\u00e4ktige den 15 december via webben"},"content":{"rendered":"<p>P\u00e5 m\u00e5ndag den 15 december klockan 16.00 sammantr\u00e4der kommunfullm\u00e4ktige. Du \u00e4r v\u00e4lkommen att f\u00f6lja m\u00f6tet direkt via webbs\u00e4ndningen eller p\u00e5 plats i kommunhuset. <\/p>\n<p>Fullm\u00e4ktige f\u00f6ljer bland annat upp Haningef\u00f6rslag 2025 och behandlar en rad interpellationer som bland annat handlar om nytt sjukhus i Haninge, taxa f\u00f6r vatten och avlopp och uppstart av resursskola. Interpellation \u00e4r ledamotsfr\u00e5ga som besvaras muntligt av ansvarig politiker.<\/p>\n<p>Du kan ta del av\u00a0<a href=\"https:\/\/www.haninge.se\/kommun-och-politik\/sa-styrs-haninge\/organisation\/kommunfullmaktige\/webbsandning-av-kommunfullmaktige\/\" target=\"_blank\" rel=\"noopener nofollow\">webbs\u00e4ndningen\u00a0<\/a>b\u00e5de direkt och i efterhand. Du som vill f\u00f6lja m\u00f6tet p\u00e5 plats h\u00e4nvisas till Sk\u00e4rg\u00e5rdsalen, kommunhuset, d\u00e4r m\u00f6tet \u00e4ger rum. \u00c5h\u00f6rarplatser finns l\u00e4ngst bak i salen.<\/p>\n<p>I m\u00f6teskallelsen st\u00e5r vilka \u00e4renden som fullm\u00e4ktige ska ta upp. Du hittar kallelsen i <a href=\"https:\/\/haninge-sok.ciceron.cloud\/#!\/search\/\" target=\"_blank\" rel=\"noopener nofollow\">webbdiariet<\/a>. (Klicka direkt p\u00e5 S\u00f6k f\u00f6r att f\u00e5 listan \u00f6ver kommande sammantr\u00e4den.)<\/p>\n<p>I protokollet efter m\u00f6tet st\u00e5r vilka beslut som fullm\u00e4ktige har fattat. Det publiceras cirka en vecka efter att m\u00f6tet \u00e4gt rum och g\u00e5r att n\u00e5 via <a href=\"https:\/\/haninge-sok.ciceron.cloud\/#!\/search\/\" target=\"_blank\" rel=\"noopener nofollow\">webbdiariet<\/a>.<\/p>\n<p>Plats: Sk\u00e4rg\u00e5rdssalen, kommunhuset i Handen. Ing\u00e5ng stora entr\u00e9n, Rudsj\u00f6terassen 2.<\/p>\n<p>V\u00e4lkomna!<\/p>\n<p>Kommunfullm\u00e4ktige\u00a0\u00e4r kommunens h\u00f6gst beslutande f\u00f6rsamling, och fattar varje \u00e5r en m\u00e4ngd beslut som p\u00e5verkar din vardag.<\/p>\n","protected":false},"excerpt":{"rendered":"P\u00e5 m\u00e5ndag den 15 december klockan 16.00 sammantr\u00e4der kommunfullm\u00e4ktige. Du \u00e4r v\u00e4lkommen att f\u00f6lja m\u00f6tet direkt via webbs\u00e4ndningen&hellip;\n","protected":false},"author":2,"featured_media":102282,"comment_status":"","ping_status":"","sticky":false,"template":"","format":"standard","meta":{"footnotes":""},"categories":[12],"tags":[22,23,26,27,17,21,24,25,28,29,15,16,18,34,31,33,32,30,19,20],"class_list":{"0":"post-102281","1":"post","2":"type-post","3":"status-publish","4":"format-standard","5":"has-post-thumbnail","7":"category-sverige","8":"tag-breaking-news","9":"tag-breakingnews","10":"tag-featured-news","11":"tag-featurednews","12":"tag-headlines","13":"tag-huvudnyheter","14":"tag-latest-news","15":"tag-latestnews","16":"tag-main-news","17":"tag-mainnews","18":"tag-news","19":"tag-nyheter","20":"tag-rubriker","21":"tag-se","22":"tag-svenska","23":"tag-sverige","24":"tag-sweden","25":"tag-swedish","26":"tag-top-stories","27":"tag-topstories"},"share_on_mastodon":{"url":"https:\/\/pubeurope.com\/@se\/115697166901381809","error":""},"_links":{"self":[{"href":"https:\/\/www.europesays.com\/se\/wp-json\/wp\/v2\/posts\/102281","targetHints":{"allow":["GET"]}}],"collection":[{"href":"https:\/\/www.europesays.com\/se\/wp-json\/wp\/v2\/posts"}],"about":[{"href":"https:\/\/www.europesays.com\/se\/wp-json\/wp\/v2\/types\/post"}],"author":[{"embeddable":true,"href":"https:\/\/www.europesays.com\/se\/wp-json\/wp\/v2\/users\/2"}],"replies":[{"embeddable":true,"href":"https:\/\/www.europesays.com\/se\/wp-json\/wp\/v2\/comments?post=102281"}],"version-history":[{"count":0,"href":"https:\/\/www.europesays.com\/se\/wp-json\/wp\/v2\/posts\/102281\/revisions"}],"wp:featuredmedia":[{"embeddable":true,"href":"https:\/\/www.europesays.com\/se\/wp-json\/wp\/v2\/media\/102282"}],"wp:attachment":[{"href":"https:\/\/www.europesays.com\/se\/wp-json\/wp\/v2\/media?parent=102281"}],"wp:term":[{"taxonomy":"category","embeddable":true,"href":"https:\/\/www.europesays.com\/se\/wp-json\/wp\/v2\/categories?post=102281"},{"taxonomy":"post_tag","embeddable":true,"href":"https:\/\/www.europesays.com\/se\/wp-json\/wp\/v2\/tags?post=102281"}],"curies":[{"name":"wp","href":"https:\/\/api.w.org\/{rel}","templated":true}]}}