{"id":102294,"date":"2025-12-10T20:47:40","date_gmt":"2025-12-10T20:47:40","guid":{"rendered":"https:\/\/www.europesays.com\/se\/102294\/"},"modified":"2025-12-10T20:47:40","modified_gmt":"2025-12-10T20:47:40","slug":"efter-dataintrangsbrott-sd-kraver-regionchefs-avgang","status":"publish","type":"post","link":"https:\/\/www.europesays.com\/se\/102294\/","title":{"rendered":"Efter dataintr\u00e5ngsbrott \u2013 SD kr\u00e4ver regionchefs avg\u00e5ng"},"content":{"rendered":"<p class=\"font-claude-response-body break-words whitespace-normal \">Texten har uppdaterats med ytterligare citat.<\/p>\n<p class=\"font-claude-response-body break-words whitespace-normal \">\u00c5tal har v\u00e4ckts mot Region Stockholms s\u00e4kerhetsdirekt\u00f6r Ari Stenman f\u00f6r anstiftan av dataintr\u00e5ng. Den \u00e5talade anst\u00e4lldes av regiondirekt\u00f6r Emma Lennartsson, n\u00e5got som nu f\u00e5r Sverigedemokraterna att kr\u00e4va hennes avg\u00e5ng.<\/p>\n<p class=\"font-claude-response-body break-words whitespace-normal \">\u201dTotal nonchalans inf\u00f6r rikets s\u00e4kerhet verkar genomsyra hela Emma Lennartssons yrkesm\u00e4ssiga g\u00e4rning. V\u00e5rt f\u00f6rtroende \u00e4r, om m\u00f6jligt, l\u00e4gre \u00e4n n\u00e5gonsin \u2013 och vi kr\u00e4ver Lennartssons omedelbara avg\u00e5ng\u201d, s\u00e4ger Msciwoj Swigon (SD), oppositionsregionr\u00e5d i Region Stockholm i ett pressmeddelande.<\/p>\n<p class=\"font-claude-response-body break-words whitespace-normal \">Lennartsson var statssekreterare hos statsminister Stefan L\u00f6fven 2014-2017 och hos statsminister Magdalena Andersson 2021-2022 innan hon blev regiondirekt\u00f6r i Stockholm 2023.<\/p>\n<p> Tidigare skandaler <\/p>\n<p class=\"font-claude-response-body break-words whitespace-normal \">SD menar att \u00e5talet mot Ari Stenman \u00e4r en i raden av flera \u201ds\u00e4kerhetspolitiska skandaler\u201d kring Lennartsson.<\/p>\n<p class=\"font-claude-response-body break-words whitespace-normal \">\u201dDe tidigare skandalerna vi syftar p\u00e5 innefattar bland annat hennes anst\u00e4llning av regionens tidigare s\u00e4kerhetsdirekt\u00f6r Erik Lagersten, som bland annat f\u00f6rsk\u00f6nat sitt CV och blivit bed\u00f6md som en s\u00e4kerhetsrisk\u201d, skriver Sverigedemokraterna i Region Stockholm i ett mejl till Bulletin.<\/p>\n<p class=\"font-claude-response-body break-words whitespace-normal \">Lagersten d\u00f6k \u00e4ven \u00e5terkommande upp hos Kronofogden med betalningsf\u00f6rel\u00e4gganden, enligt Expressens <a href=\"https:\/\/www.expressen.se\/nyheter\/oppositionen-kraver-svar-om-rekryteringen-av-toppdirektoren-erik-lagersten\/\" rel=\"nofollow noopener\" target=\"_blank\">rapportering<\/a> fr\u00e5n 2023.<\/p>\n<p class=\"font-claude-response-body break-words whitespace-normal \">SD pekar ocks\u00e5 p\u00e5 Transportstyrelsen d\u00e4r Lennartsson arbetade tillsammans med Stenman fram till <a href=\"https:\/\/www.svt.se\/nyheter\/inrikes\/lovfens-statssekreterare-avgar\" rel=\"nofollow noopener\" target=\"_blank\">IT-skandalen 2017<\/a>, d\u00e5 hon fick avg\u00e5.<\/p>\n<p> Hundratals registerslagningar hos Polisen <\/p>\n<p class=\"font-claude-response-body break-words whitespace-normal \">\u00c5talet mot Ari Stenman r\u00f6r hans tidigare anst\u00e4llning hos Polismyndigheten, d\u00e4r han var s\u00e4kerhetschef och s\u00e4kerhetsskyddschef. Enligt \u00e5talet i Stockholms tingsr\u00e4tt misst\u00e4nks han f\u00f6r att ha gett klartecken till omfattande s\u00e5 kallade registerslagningar i syfte att v\u00e4ssa s\u00e4kerhetspr\u00f6vningarna, rapporterar <a href=\"https:\/\/www.mitti.se\/nyheter\/regionens-sakerhetsdirektor-misstanks-for-brott-6.3.334901.ced3ee6962\" rel=\"nofollow noopener\" target=\"_blank\">Mitt i Stockholm<\/a>.<\/p>\n<p class=\"font-claude-response-body break-words whitespace-normal \">Slagningarna gjordes av flera medarbetare inom myndigheten under flera \u00e5rs tid. I februari i \u00e5r stoppade polisen samtliga registerslagningar efter att ha konstaterat att s\u00e5dana kontroller ska utf\u00f6ras av S\u00e4kerhetspolisen.<\/p>\n<p class=\"font-claude-response-body break-words whitespace-normal \">Polismyndigheten polisanm\u00e4lde d\u00e4refter Ari Stenman, som vid tidpunkten av slagningarna var ansvarig s\u00e4kerhetschef, enligt Mitt i.<\/p>\n<p class=\"font-claude-response-body break-words whitespace-normal \">\u00c5klagare Per Nichols kallar det ett \u201dprincipiellt viktigt\u201d \u00e5tal.<\/p>\n<p class=\"font-claude-response-body break-words whitespace-normal \">\u2013 En person i h\u00f6gsta polisledningen har fattat beslut om att anst\u00e4llda ska anv\u00e4nda systemet p\u00e5 ett s\u00e4tt som jag anser strida mot lagen. Det ligger i allas intresse att inte fel personer rekryteras, men \u00e4ndam\u00e5let f\u00e5r inte helga medlen, s\u00e4ger han till Mitt i.<\/p>\n<p> L\u00e4mnar sitt uppdrag tillf\u00e4lligt <\/p>\n<p class=\"font-claude-response-body break-words whitespace-normal \">Ari Stenman har nu kommit \u00f6verens med regiondirekt\u00f6r Emma Lennartsson om att tillf\u00e4lligt l\u00e4mna sitt uppdrag. Chefsjurist Katarina Back kommer att vara tillf\u00f6rordnad direkt\u00f6r f\u00f6r S\u00e4kerhet och beredskap samt tillf\u00f6rordnad s\u00e4kerhetsskyddschef under r\u00e4ttsprocessen, enligt ett pressmeddelande fr\u00e5n Region Stockholm.<\/p>\n<p class=\"font-claude-response-body break-words whitespace-normal \">I en kommentar till P4 Stockholm bestrider Stenman ansvar och skriver att polisens intensiva s\u00e4kerhetsarbete senaste \u00e5ren varit helt avg\u00f6rande f\u00f6r att skydda verksamheten fr\u00e5n mycket allvarliga hot, skriver Mitt i.<\/p>\n","protected":false},"excerpt":{"rendered":"Texten har uppdaterats med ytterligare citat. \u00c5tal har v\u00e4ckts mot Region Stockholms s\u00e4kerhetsdirekt\u00f6r Ari Stenman f\u00f6r anstiftan av&hellip;\n","protected":false},"author":2,"featured_media":102295,"comment_status":"","ping_status":"","sticky":false,"template":"","format":"standard","meta":{"footnotes":""},"categories":[5],"tags":[22,23,26,27,17,21,24,25,28,29,15,16,18,34,31,33,32,30,19,20],"class_list":{"0":"post-102294","1":"post","2":"type-post","3":"status-publish","4":"format-standard","5":"has-post-thumbnail","7":"category-rubriker","8":"tag-breaking-news","9":"tag-breakingnews","10":"tag-featured-news","11":"tag-featurednews","12":"tag-headlines","13":"tag-huvudnyheter","14":"tag-latest-news","15":"tag-latestnews","16":"tag-main-news","17":"tag-mainnews","18":"tag-news","19":"tag-nyheter","20":"tag-rubriker","21":"tag-se","22":"tag-svenska","23":"tag-sverige","24":"tag-sweden","25":"tag-swedish","26":"tag-top-stories","27":"tag-topstories"},"share_on_mastodon":{"url":"https:\/\/pubeurope.com\/@se\/115697237619396715","error":""},"_links":{"self":[{"href":"https:\/\/www.europesays.com\/se\/wp-json\/wp\/v2\/posts\/102294","targetHints":{"allow":["GET"]}}],"collection":[{"href":"https:\/\/www.europesays.com\/se\/wp-json\/wp\/v2\/posts"}],"about":[{"href":"https:\/\/www.europesays.com\/se\/wp-json\/wp\/v2\/types\/post"}],"author":[{"embeddable":true,"href":"https:\/\/www.europesays.com\/se\/wp-json\/wp\/v2\/users\/2"}],"replies":[{"embeddable":true,"href":"https:\/\/www.europesays.com\/se\/wp-json\/wp\/v2\/comments?post=102294"}],"version-history":[{"count":0,"href":"https:\/\/www.europesays.com\/se\/wp-json\/wp\/v2\/posts\/102294\/revisions"}],"wp:featuredmedia":[{"embeddable":true,"href":"https:\/\/www.europesays.com\/se\/wp-json\/wp\/v2\/media\/102295"}],"wp:attachment":[{"href":"https:\/\/www.europesays.com\/se\/wp-json\/wp\/v2\/media?parent=102294"}],"wp:term":[{"taxonomy":"category","embeddable":true,"href":"https:\/\/www.europesays.com\/se\/wp-json\/wp\/v2\/categories?post=102294"},{"taxonomy":"post_tag","embeddable":true,"href":"https:\/\/www.europesays.com\/se\/wp-json\/wp\/v2\/tags?post=102294"}],"curies":[{"name":"wp","href":"https:\/\/api.w.org\/{rel}","templated":true}]}}