{"id":102312,"date":"2025-12-10T21:03:15","date_gmt":"2025-12-10T21:03:15","guid":{"rendered":"https:\/\/www.europesays.com\/se\/102312\/"},"modified":"2025-12-10T21:03:15","modified_gmt":"2025-12-10T21:03:15","slug":"nobelmiddagen-i-bla-hallen-i-full-gang","status":"publish","type":"post","link":"https:\/\/www.europesays.com\/se\/102312\/","title":{"rendered":"Nobelmiddagen i Bl\u00e5 hallen i full g\u00e5ng"},"content":{"rendered":"<p>Nobelmiddagen i Stockholms stadshus \u00e4r i full g\u00e5ng. Kungafamiljen, pristagarna och \u00f6vriga g\u00e4ster serveras piggvar, svampsoppa och sorbet p\u00e5 sl\u00e5nb\u00e4r. Banketten inleddes med int\u00e5get i festsalen.<\/p>\n<p>P\u00e5 plats i kungafamiljen \u00e4r kung Carl Gustaf, drottning Silvia, kronprinsessan Victoria, prins Daniel, prins Carl Philip och prinsessan Madeleine.<\/p>\n<p>Prinsessan Sofia har sedan tidigare meddelat att hon ej deltar, uppger hovet. En av de alla 1\u00a0300 g\u00e4sterna i Bl\u00e5 hallen \u00e4r Tysklands tidigare f\u00f6rbundskansler Angela Merkel.<\/p>\n","protected":false},"excerpt":{"rendered":"Nobelmiddagen i Stockholms stadshus \u00e4r i full g\u00e5ng. Kungafamiljen, pristagarna och \u00f6vriga g\u00e4ster serveras piggvar, svampsoppa och sorbet&hellip;\n","protected":false},"author":2,"featured_media":793,"comment_status":"","ping_status":"","sticky":false,"template":"","format":"standard","meta":{"footnotes":""},"categories":[12],"tags":[22,23,26,27,17,21,24,25,28,29,15,16,18,34,31,33,32,30,19,20],"class_list":{"0":"post-102312","1":"post","2":"type-post","3":"status-publish","4":"format-standard","5":"has-post-thumbnail","7":"category-sverige","8":"tag-breaking-news","9":"tag-breakingnews","10":"tag-featured-news","11":"tag-featurednews","12":"tag-headlines","13":"tag-huvudnyheter","14":"tag-latest-news","15":"tag-latestnews","16":"tag-main-news","17":"tag-mainnews","18":"tag-news","19":"tag-nyheter","20":"tag-rubriker","21":"tag-se","22":"tag-svenska","23":"tag-sverige","24":"tag-sweden","25":"tag-swedish","26":"tag-top-stories","27":"tag-topstories"},"share_on_mastodon":{"url":"https:\/\/pubeurope.com\/@se\/115697300723769000","error":""},"_links":{"self":[{"href":"https:\/\/www.europesays.com\/se\/wp-json\/wp\/v2\/posts\/102312","targetHints":{"allow":["GET"]}}],"collection":[{"href":"https:\/\/www.europesays.com\/se\/wp-json\/wp\/v2\/posts"}],"about":[{"href":"https:\/\/www.europesays.com\/se\/wp-json\/wp\/v2\/types\/post"}],"author":[{"embeddable":true,"href":"https:\/\/www.europesays.com\/se\/wp-json\/wp\/v2\/users\/2"}],"replies":[{"embeddable":true,"href":"https:\/\/www.europesays.com\/se\/wp-json\/wp\/v2\/comments?post=102312"}],"version-history":[{"count":0,"href":"https:\/\/www.europesays.com\/se\/wp-json\/wp\/v2\/posts\/102312\/revisions"}],"wp:featuredmedia":[{"embeddable":true,"href":"https:\/\/www.europesays.com\/se\/wp-json\/wp\/v2\/media\/793"}],"wp:attachment":[{"href":"https:\/\/www.europesays.com\/se\/wp-json\/wp\/v2\/media?parent=102312"}],"wp:term":[{"taxonomy":"category","embeddable":true,"href":"https:\/\/www.europesays.com\/se\/wp-json\/wp\/v2\/categories?post=102312"},{"taxonomy":"post_tag","embeddable":true,"href":"https:\/\/www.europesays.com\/se\/wp-json\/wp\/v2\/tags?post=102312"}],"curies":[{"name":"wp","href":"https:\/\/api.w.org\/{rel}","templated":true}]}}