{"id":102315,"date":"2025-12-10T21:06:08","date_gmt":"2025-12-10T21:06:08","guid":{"rendered":"https:\/\/www.europesays.com\/se\/102315\/"},"modified":"2025-12-10T21:06:08","modified_gmt":"2025-12-10T21:06:08","slug":"bjorkloven-krossade-aik-pa-hovet-hockeyallsvenskan","status":"publish","type":"post","link":"https:\/\/www.europesays.com\/se\/102315\/","title":{"rendered":"Bj\u00f6rkl\u00f6ven krossade AIK p\u00e5 Hovet | Hockeyallsvenskan"},"content":{"rendered":"<p>Publicerad 10 dec 2025 kl 21.16Uppdaterad kl 22.00<\/p>\n<p>Bj\u00f6rkl\u00f6ven st\u00e4llde en v\u00e4gg i m\u00e5let \u2013 igen.<\/p>\n<p>D\u00e5 vann serieledaren med klara 4\u20130 mot AIK p\u00e5 Hovet.<\/p>\n<p><img loading=\"lazy\"   alt=\"\"\/> <\/p>\n<p>Foto: MICHAEL CAMPANELLA \/ BILDBYR\u00c5N<\/p>\n<p>\u00d6ppna bild i helsk\u00e4rm<img loading=\"lazy\"   alt=\"\"\/> <\/p>\n<p>Foto: MICHAEL CAMPANELLA \/ BILDBYR\u00c5N<\/p>\n<p>\u00d6ppna bild i helsk\u00e4rm<\/p>\n<p><a href=\"https:\/\/www.expressen.se\/tagg\/organization\/bjorkloven\/\" class=\"\" rel=\"nofollow noopener\" target=\"_blank\">Bj\u00f6rkl\u00f6ven<\/a> reste till Hovet som klara serieledare.\u00a0<\/p>\n<p>Och efter 60 minuter mot AIK \u00e4r f\u00f6rspr\u00e5nget p\u00e5 15 po\u00e4ng ner till tv\u00e5an Kalmar of\u00f6r\u00e4ndrat. Bj\u00f6rkl\u00f6ven gjorde n\u00e4mligen processen kort med hemmalaget.<\/p>\n<p>Efter tv\u00e5 perioder stod det hela 4\u20130.<\/p>\n<p>\u2013 Det \u00e4r klart vi inte \u00e4r n\u00f6jda med att ligga under med 4\u20130. Vi har v\u00e4l vissa perioder d\u00e4r vi g\u00f6r bra saker, men det \u00e4r f\u00f6r d\u00e5ligt, summerade AIK-kaptenen Oscar Nord i TV4.\u00a0<\/p>\n<p>R\u00e4ddade 40 skott \u2013 tredje raka nollan<\/p>\n<p>AIK saknade f\u00f6rvisso inte chanser.\u00a0<\/p>\n<p>Man sk\u00f6t hela 40 skott mot m\u00e5l \u2013 men Bj\u00f6rkl\u00f6vens m\u00e5lvakt Frans Tuohimaa visade sig vara orubblig.<\/p>\n<p>\u2013 Tuohimaa har varit lysande i kv\u00e4ll, s\u00e4ger TV4-experten Per Svartvadet.<\/p>\n<p>Faktum \u00e4r att den h\u00e5llna nollan \u00e4r finl\u00e4ndarens andra raka \u2013 och Bj\u00f6rkl\u00f6vens tredje raka nolla.<\/p>\n<p>Bj\u00f6rkl\u00f6vens h\u00e5llna nollor<\/p>\n<p>AIK\u2013Bj\u00f6rkl\u00f6ven 0\u20134 (40 skott)<\/p>\n<p>Bj\u00f6rkl\u00f6ven\u2013S\u00f6dert\u00e4lje 3\u20130 (23 skott)<\/p>\n<p>Oskarshamn\u2013Bj\u00f6rkl\u00f6ven 0\u20134 (16 skott)<\/p>\n<p>Visa mer<\/p>\n","protected":false},"excerpt":{"rendered":"Publicerad 10 dec 2025 kl 21.16Uppdaterad kl 22.00 Bj\u00f6rkl\u00f6ven st\u00e4llde en v\u00e4gg i m\u00e5let \u2013 igen. D\u00e5 vann&hellip;\n","protected":false},"author":2,"featured_media":102316,"comment_status":"","ping_status":"","sticky":false,"template":"","format":"standard","meta":{"footnotes":""},"categories":[68],"tags":[655,640,641,34,130,255,111,110,31,33,32,30],"class_list":{"0":"post-102315","1":"post","2":"type-post","3":"status-publish","4":"format-standard","5":"has-post-thumbnail","7":"category-sport","8":"tag-organization-aik-hockey","9":"tag-organization-bjorkloven","10":"tag-organization-hockeyallsvenskan","11":"tag-se","12":"tag-sections-allsvenskan","13":"tag-sections-ishockey","14":"tag-sport","15":"tag-sports","16":"tag-svenska","17":"tag-sverige","18":"tag-sweden","19":"tag-swedish"},"share_on_mastodon":{"url":"https:\/\/pubeurope.com\/@se\/115697312311448665","error":""},"_links":{"self":[{"href":"https:\/\/www.europesays.com\/se\/wp-json\/wp\/v2\/posts\/102315","targetHints":{"allow":["GET"]}}],"collection":[{"href":"https:\/\/www.europesays.com\/se\/wp-json\/wp\/v2\/posts"}],"about":[{"href":"https:\/\/www.europesays.com\/se\/wp-json\/wp\/v2\/types\/post"}],"author":[{"embeddable":true,"href":"https:\/\/www.europesays.com\/se\/wp-json\/wp\/v2\/users\/2"}],"replies":[{"embeddable":true,"href":"https:\/\/www.europesays.com\/se\/wp-json\/wp\/v2\/comments?post=102315"}],"version-history":[{"count":0,"href":"https:\/\/www.europesays.com\/se\/wp-json\/wp\/v2\/posts\/102315\/revisions"}],"wp:featuredmedia":[{"embeddable":true,"href":"https:\/\/www.europesays.com\/se\/wp-json\/wp\/v2\/media\/102316"}],"wp:attachment":[{"href":"https:\/\/www.europesays.com\/se\/wp-json\/wp\/v2\/media?parent=102315"}],"wp:term":[{"taxonomy":"category","embeddable":true,"href":"https:\/\/www.europesays.com\/se\/wp-json\/wp\/v2\/categories?post=102315"},{"taxonomy":"post_tag","embeddable":true,"href":"https:\/\/www.europesays.com\/se\/wp-json\/wp\/v2\/tags?post=102315"}],"curies":[{"name":"wp","href":"https:\/\/api.w.org\/{rel}","templated":true}]}}