{"id":102317,"date":"2025-12-10T21:08:08","date_gmt":"2025-12-10T21:08:08","guid":{"rendered":"https:\/\/www.europesays.com\/se\/102317\/"},"modified":"2025-12-10T21:08:08","modified_gmt":"2025-12-10T21:08:08","slug":"anvandare-far-storre-kontroll-i-instagram","status":"publish","type":"post","link":"https:\/\/www.europesays.com\/se\/102317\/","title":{"rendered":"Anv\u00e4ndare f\u00e5r st\u00f6rre kontroll i Instagram"},"content":{"rendered":"<p class=\"kicker t20 font-Raleway\" style=\"\">V\u00e4lj vad du vill se<\/p>\n<p>    Instagram uppdaterar tj\u00e4nsten bland annat s\u00e5 att anv\u00e4ndare f\u00e5r st\u00f6rre kontroll \u00f6ver sin algoritm f\u00f6r att styra vad man vill se.<\/p>\n<p>Instagram\u00a0introducerar nu en ny funktion som ska ge anv\u00e4ndarna st\u00f6rre insyn i hur rekommendationerna i fliken\u00a0Reels\u00a0fungerar. Med hj\u00e4lp av verktyget\u00a0Your\u00a0Algorithm, som n\u00e5s via en ikon i \u00f6vre h\u00f6gra h\u00f6rnet n\u00e4r man tittar p\u00e5\u00a0Reels, kan man se vilka \u00e4mnen plattformen tror \u00e4r ens st\u00f6rsta intressen.\u00a0<\/p>\n<p>Anv\u00e4ndaren f\u00e5r m\u00f6jlighet att sj\u00e4lv justera dessa rekommendationer genom att skriva in \u00e4mnen man vill se mer av eller minska synligheten f\u00f6r s\u00e5dant man inte \u00e4r intresserad av. P\u00e5 s\u00e5 s\u00e4tt kan fl\u00f6det anpassas mer efter personliga preferenser. Det g\u00e5r \u00e4ven att dela sin algoritm till en Story, vilket g\u00f6r att andra kan se vilka intressen man har valt att lyfta fram.\u00a0<\/p>\n<p>Lanseringen sker f\u00f6rst i USA men kommer snart att rullas ut globalt p\u00e5 engelska.\u00a0<a href=\"https:\/\/about.instagram.com\/blog\/announcements\/reels-algorithm-control \" target=\"_blank\" rel=\"nofollow noopener\">Instagram\u00a0<\/a>meddelar att funktionen i framtiden \u00e4ven ska byggas ut till andra delar av\u00a0appen, som exempelvis\u00a0Explore, f\u00f6r att ge anv\u00e4ndarna en bredare kontroll \u00f6ver sina rekommendationer. M\u00e5let \u00e4r att skapa en mer transparent och anv\u00e4ndarstyrd upplevelse d\u00e4r man sj\u00e4lv kan p\u00e5verka vad som syns i fl\u00f6det.\u00a0<\/p>\n<p>                Relaterade artiklar<\/p>\n<p class=\"tags\" style=\"margin-top: 0; padding-top: 0;\">\n            <a href=\"https:\/\/www.mobil.se\/tagg\/android\" rel=\"nofollow noopener\" target=\"_blank\">android<\/a><br \/>\n            <a href=\"https:\/\/www.mobil.se\/tagg\/instagram\" rel=\"nofollow noopener\" target=\"_blank\">instagram<\/a><br \/>\n            <a href=\"https:\/\/www.mobil.se\/tagg\/ios\" rel=\"nofollow noopener\" target=\"_blank\">ios<\/a>\n        <\/p>\n<p>                    <script async src=\"\/\/www.instagram.com\/embed.js\"><\/script><\/p>\n","protected":false},"excerpt":{"rendered":"V\u00e4lj vad du vill se Instagram uppdaterar tj\u00e4nsten bland annat s\u00e5 att anv\u00e4ndare f\u00e5r st\u00f6rre kontroll \u00f6ver sin&hellip;\n","protected":false},"author":2,"featured_media":102318,"comment_status":"","ping_status":"","sticky":false,"template":"","format":"standard","meta":{"footnotes":""},"categories":[66],"tags":[80,78,79,34,31,33,32,30,81,84,83,82],"class_list":{"0":"post-102317","1":"post","2":"type-post","3":"status-publish","4":"format-standard","5":"has-post-thumbnail","7":"category-vetenskap-och-teknik","8":"tag-science","9":"tag-science-and-technology","10":"tag-scienceandtechnology","11":"tag-se","12":"tag-svenska","13":"tag-sverige","14":"tag-sweden","15":"tag-swedish","16":"tag-technology","17":"tag-teknik","18":"tag-vetenskap","19":"tag-vetenskapteknik"},"share_on_mastodon":{"url":"https:\/\/pubeurope.com\/@se\/115697320174077568","error":""},"_links":{"self":[{"href":"https:\/\/www.europesays.com\/se\/wp-json\/wp\/v2\/posts\/102317","targetHints":{"allow":["GET"]}}],"collection":[{"href":"https:\/\/www.europesays.com\/se\/wp-json\/wp\/v2\/posts"}],"about":[{"href":"https:\/\/www.europesays.com\/se\/wp-json\/wp\/v2\/types\/post"}],"author":[{"embeddable":true,"href":"https:\/\/www.europesays.com\/se\/wp-json\/wp\/v2\/users\/2"}],"replies":[{"embeddable":true,"href":"https:\/\/www.europesays.com\/se\/wp-json\/wp\/v2\/comments?post=102317"}],"version-history":[{"count":0,"href":"https:\/\/www.europesays.com\/se\/wp-json\/wp\/v2\/posts\/102317\/revisions"}],"wp:featuredmedia":[{"embeddable":true,"href":"https:\/\/www.europesays.com\/se\/wp-json\/wp\/v2\/media\/102318"}],"wp:attachment":[{"href":"https:\/\/www.europesays.com\/se\/wp-json\/wp\/v2\/media?parent=102317"}],"wp:term":[{"taxonomy":"category","embeddable":true,"href":"https:\/\/www.europesays.com\/se\/wp-json\/wp\/v2\/categories?post=102317"},{"taxonomy":"post_tag","embeddable":true,"href":"https:\/\/www.europesays.com\/se\/wp-json\/wp\/v2\/tags?post=102317"}],"curies":[{"name":"wp","href":"https:\/\/api.w.org\/{rel}","templated":true}]}}