{"id":102319,"date":"2025-12-10T21:11:09","date_gmt":"2025-12-10T21:11:09","guid":{"rendered":"https:\/\/www.europesays.com\/se\/102319\/"},"modified":"2025-12-10T21:11:09","modified_gmt":"2025-12-10T21:11:09","slug":"trump-usa-beslagtagit-tankfartyg-i-venezuela","status":"publish","type":"post","link":"https:\/\/www.europesays.com\/se\/102319\/","title":{"rendered":"Trump: USA beslagtagit tankfartyg i Venezuela"},"content":{"rendered":"<p>USA har beslagtagit en oljetanker utanf\u00f6r Venezuelas kust, uppger president Donald Trump enligt Reuters.<\/p>\n<p>Kustbevakningen i USA ledde operationen, uppger tv\u00e5 amerikanska myndighetsk\u00e4llor f\u00f6r nyhetsbyr\u00e5n. Inga uppgifter om oljetankerns namn finns, eller var den ska ha beslagtagits.<\/p>\n<p>Situationen har eskalerat den senaste tiden i USA:s offensiv mot Venezuela. De senaste m\u00e5naderna har man \u00f6kat pressen genom att flytta krigsfartyg till Karibien. USA har \u00e4ven attackerat fartyg som man p\u00e5st\u00e5tt smugglar knark. Minst 87 personer har d\u00f6tt i anfallen.<\/p>\n","protected":false},"excerpt":{"rendered":"USA har beslagtagit en oljetanker utanf\u00f6r Venezuelas kust, uppger president Donald Trump enligt Reuters. Kustbevakningen i USA ledde&hellip;\n","protected":false},"author":2,"featured_media":793,"comment_status":"","ping_status":"","sticky":false,"template":"","format":"standard","meta":{"footnotes":""},"categories":[14],"tags":[22,23,26,27,17,21,24,25,28,29,15,16,18,34,31,33,32,30,19,20,51,52,53,54],"class_list":{"0":"post-102319","1":"post","2":"type-post","3":"status-publish","4":"format-standard","5":"has-post-thumbnail","7":"category-varlden","8":"tag-breaking-news","9":"tag-breakingnews","10":"tag-featured-news","11":"tag-featurednews","12":"tag-headlines","13":"tag-huvudnyheter","14":"tag-latest-news","15":"tag-latestnews","16":"tag-main-news","17":"tag-mainnews","18":"tag-news","19":"tag-nyheter","20":"tag-rubriker","21":"tag-se","22":"tag-svenska","23":"tag-sverige","24":"tag-sweden","25":"tag-swedish","26":"tag-top-stories","27":"tag-topstories","28":"tag-varlden","29":"tag-world","30":"tag-world-news","31":"tag-worldnews"},"share_on_mastodon":{"url":"https:\/\/pubeurope.com\/@se\/115697331951358889","error":""},"_links":{"self":[{"href":"https:\/\/www.europesays.com\/se\/wp-json\/wp\/v2\/posts\/102319","targetHints":{"allow":["GET"]}}],"collection":[{"href":"https:\/\/www.europesays.com\/se\/wp-json\/wp\/v2\/posts"}],"about":[{"href":"https:\/\/www.europesays.com\/se\/wp-json\/wp\/v2\/types\/post"}],"author":[{"embeddable":true,"href":"https:\/\/www.europesays.com\/se\/wp-json\/wp\/v2\/users\/2"}],"replies":[{"embeddable":true,"href":"https:\/\/www.europesays.com\/se\/wp-json\/wp\/v2\/comments?post=102319"}],"version-history":[{"count":0,"href":"https:\/\/www.europesays.com\/se\/wp-json\/wp\/v2\/posts\/102319\/revisions"}],"wp:featuredmedia":[{"embeddable":true,"href":"https:\/\/www.europesays.com\/se\/wp-json\/wp\/v2\/media\/793"}],"wp:attachment":[{"href":"https:\/\/www.europesays.com\/se\/wp-json\/wp\/v2\/media?parent=102319"}],"wp:term":[{"taxonomy":"category","embeddable":true,"href":"https:\/\/www.europesays.com\/se\/wp-json\/wp\/v2\/categories?post=102319"},{"taxonomy":"post_tag","embeddable":true,"href":"https:\/\/www.europesays.com\/se\/wp-json\/wp\/v2\/tags?post=102319"}],"curies":[{"name":"wp","href":"https:\/\/api.w.org\/{rel}","templated":true}]}}