{"id":102320,"date":"2025-12-10T21:13:25","date_gmt":"2025-12-10T21:13:25","guid":{"rendered":"https:\/\/www.europesays.com\/se\/102320\/"},"modified":"2025-12-10T21:13:25","modified_gmt":"2025-12-10T21:13:25","slug":"det-gor-ont-att-se-oland-maste-sta-upp-for-djuren-olandsbladet","status":"publish","type":"post","link":"https:\/\/www.europesays.com\/se\/102320\/","title":{"rendered":"\u201dDet g\u00f6r ont att se \u2013 \u00d6land m\u00e5ste st\u00e5 upp f\u00f6r djuren\u201d \u2013 \u00d6landsbladet"},"content":{"rendered":"<p>L\u00e5t mig p\u00e5 en g\u00e5ng s\u00e4ga att djurskyddsfr\u00e5gor \u00e4r sv\u00e5ra. Det \u00e4r inte alltid som det ser ut p\u00e5 film eller fotografier. <a class=\"article__content-link\" href=\"https:\/\/www.olandsbladet.se\/oland\/efter-filmat-vald-mot-kor-stor-insats-pa-olandsk-gard\/\" rel=\"nofollow noopener\" target=\"_blank\">Lantbruk och djurh\u00e5llning<\/a> \u00e4r komplicerat \u2013 vad \u00e4r egentligen magert och hur mycket g\u00f6dsel kan man \u00e4nd\u00e5 f\u00e5 acceptera?<\/p>\n<p>Men de <a class=\"article__content-link\" href=\"https:\/\/www.tv4.se\/artikel\/1DQ1sD9nBthOSIm5gamQZu\/haer-slar-arlabonden-mjoelkkorna-det-aer-fruktansvaert\" rel=\"nofollow noopener\" target=\"_blank\">filmer som nu publiceras av TV4<\/a>, som Djurr\u00e4ttsalliansen tagit fram, herre gud\u2026<br \/>Det g\u00f6r ont att se djur behandlas p\u00e5 det h\u00e4r s\u00e4ttet.<\/p>\n<p>P\u00e5 onsdagsmorgonen inleddes insatsen mot g\u00e5rden i Borgholms kommun. L\u00e4nsstyrelsen och polisen var snabbt p\u00e5 plats efter att de allvarliga anklagelserna blivit k\u00e4nda.<\/p>\n<p>Ni som jag vet att djurr\u00e4ttsorganisationernas metoder f\u00f6r att p\u00e5visa missf\u00f6rh\u00e5llanden \u00e4r omstridda. Men de fakta som h\u00e4r framkommer \u00e4r sv\u00e5ra att f\u00e5 fram p\u00e5 annat s\u00e4tt och \u00e4r minst sagt obehagliga.<\/p>\n<p>Djurr\u00e4ttsalliansens dolda kameror visar hur kor sparkas, sl\u00e5s och till och med hoppas p\u00e5 \u2013 scener som \u00e4r sv\u00e5ra att ta in. En ko hittades senare d\u00f6d, liggande i en blodp\u00f6l.<\/p>\n<p>Jag har full respekt f\u00f6r att lantbrukare har ett av de tuffaste jobben som finns. Det \u00e4r l\u00e5nga dagar, h\u00e5rt slit och ibland situationer d\u00e4r det \u00e4r sv\u00e5rt att h\u00e5lla k\u00e4nslorna i styr. Men det f\u00e5r aldrig bli en urs\u00e4kt f\u00f6r att behandla djur illa. Att n\u00e5gon s\u00e4ger \u201ddu kan sj\u00e4lv jobba med djur s\u00e5 f\u00e5r du se hur j\u00e4vla enkelt det \u00e4r ibland\u201d \u00e4r inget f\u00f6rsvar. Det \u00e4r ett svek mot b\u00e5de djuren och det f\u00f6rtroende samh\u00e4llet ger v\u00e5ra b\u00f6nder.<\/p>\n<p>Bristerna p\u00e5 g\u00e5rden har varit k\u00e4nda f\u00f6r l\u00e4nsstyrelsen i flera \u00e5r, enligt TV4. Det har f\u00f6rekommit skrivelser om brister i djurskydd, men vi p\u00e5 \u00d6landsbladet har inte k\u00e4nt till omfattningen. Kontroller har visat p\u00e5 magra kor, smutsiga stall och kalvar p\u00e5 f\u00f6r sm\u00e5 ytor. F\u00f6rel\u00e4gganden har utf\u00e4rdats, men \u00e4nd\u00e5 har missf\u00f6rh\u00e5llandena fortsatt.<\/p>\n<p>Det \u00e4r n\u00f6dv\u00e4ndigt att s\u00e4tta ned foten. Djurskyddet \u00e4r inte f\u00f6rhandlingsbart. Vi som bor p\u00e5 \u00d6land \u00e4r stolta \u00f6ver v\u00e5rt lantbruk och v\u00e5ra b\u00f6nder \u2013 men vi m\u00e5ste ocks\u00e5 kunna lita p\u00e5 att djuren behandlas med respekt och v\u00e4rdighet.<\/p>\n<p>Min erfarenhet \u00e4r att de \u00f6l\u00e4ndska b\u00f6nderna ofta har v\u00e4ldigt god hand om sina djur och i de fall d\u00e4r det fallerar handlar det inte s\u00e4llan om personliga problem kopplade till djurh\u00e5llaren. Det handlar d\u00e5 om dubbla tragedier &#8211; b\u00e5de f\u00f6r djur och m\u00e4nniskor.<\/p>\n<p>Jag hoppas nu p\u00e5 en ordentlig genomlysning och att resultatet blir bra. F\u00f6r goda lantbrukare. F\u00f6r djurens skull. F\u00f6r \u00d6lands skull.<\/p>\n","protected":false},"excerpt":{"rendered":"L\u00e5t mig p\u00e5 en g\u00e5ng s\u00e4ga att djurskyddsfr\u00e5gor \u00e4r sv\u00e5ra. Det \u00e4r inte alltid som det ser ut&hellip;\n","protected":false},"author":2,"featured_media":102321,"comment_status":"","ping_status":"","sticky":false,"template":"","format":"standard","meta":{"footnotes":""},"categories":[5],"tags":[22,23,26,27,17,21,24,25,28,29,15,16,18,34,31,33,32,30,19,20],"class_list":{"0":"post-102320","1":"post","2":"type-post","3":"status-publish","4":"format-standard","5":"has-post-thumbnail","7":"category-rubriker","8":"tag-breaking-news","9":"tag-breakingnews","10":"tag-featured-news","11":"tag-featurednews","12":"tag-headlines","13":"tag-huvudnyheter","14":"tag-latest-news","15":"tag-latestnews","16":"tag-main-news","17":"tag-mainnews","18":"tag-news","19":"tag-nyheter","20":"tag-rubriker","21":"tag-se","22":"tag-svenska","23":"tag-sverige","24":"tag-sweden","25":"tag-swedish","26":"tag-top-stories","27":"tag-topstories"},"share_on_mastodon":{"url":"https:\/\/pubeurope.com\/@se\/115697339852239669","error":""},"_links":{"self":[{"href":"https:\/\/www.europesays.com\/se\/wp-json\/wp\/v2\/posts\/102320","targetHints":{"allow":["GET"]}}],"collection":[{"href":"https:\/\/www.europesays.com\/se\/wp-json\/wp\/v2\/posts"}],"about":[{"href":"https:\/\/www.europesays.com\/se\/wp-json\/wp\/v2\/types\/post"}],"author":[{"embeddable":true,"href":"https:\/\/www.europesays.com\/se\/wp-json\/wp\/v2\/users\/2"}],"replies":[{"embeddable":true,"href":"https:\/\/www.europesays.com\/se\/wp-json\/wp\/v2\/comments?post=102320"}],"version-history":[{"count":0,"href":"https:\/\/www.europesays.com\/se\/wp-json\/wp\/v2\/posts\/102320\/revisions"}],"wp:featuredmedia":[{"embeddable":true,"href":"https:\/\/www.europesays.com\/se\/wp-json\/wp\/v2\/media\/102321"}],"wp:attachment":[{"href":"https:\/\/www.europesays.com\/se\/wp-json\/wp\/v2\/media?parent=102320"}],"wp:term":[{"taxonomy":"category","embeddable":true,"href":"https:\/\/www.europesays.com\/se\/wp-json\/wp\/v2\/categories?post=102320"},{"taxonomy":"post_tag","embeddable":true,"href":"https:\/\/www.europesays.com\/se\/wp-json\/wp\/v2\/tags?post=102320"}],"curies":[{"name":"wp","href":"https:\/\/api.w.org\/{rel}","templated":true}]}}