{"id":102324,"date":"2025-12-10T21:16:23","date_gmt":"2025-12-10T21:16:23","guid":{"rendered":"https:\/\/www.europesays.com\/se\/102324\/"},"modified":"2025-12-10T21:16:23","modified_gmt":"2025-12-10T21:16:23","slug":"langvarig-expert-lamnar-gift-vid-forsta-ogonkastet","status":"publish","type":"post","link":"https:\/\/www.europesays.com\/se\/102324\/","title":{"rendered":"L\u00e5ngvarig expert l\u00e4mnar \u201dGift vid f\u00f6rsta \u00f6gonkastet\u201d"},"content":{"rendered":"<p>Psykologen Fredric Bohm l\u00e4mnar SVT:s l\u00e5ngk\u00f6rare \u201dGift vid f\u00f6rsta \u00f6gonkastet\u201d, rapporterar Aftonbladet. Bohm har gett beskedet p\u00e5 sin Facebooksida.<\/p>\n<p>\u201dMin relation till programmet har varit l\u00e5ng, intensiv och passionerad. Men som det kan vara i m\u00e5nga relationer s\u00e5 har vi n\u00e5tt en punkt n\u00e4r det \u00e4r dags att g\u00e5 skilda v\u00e4gar\u201d, skriver han.<\/p>\n<p>Under h\u00f6sten s\u00e4ndes den trettonde s\u00e4songen av programmet. Den fjortonde, som spelas in i v\u00e5r, kommer att ha ett annat format. Bland annat ska alla deltagare bo tillsammans.<\/p>\n<p>Omni \u00e4r politiskt obundna och oberoende. Vi str\u00e4var efter att ge fler perspektiv p\u00e5 nyheterna. Har du fr\u00e5gor eller synpunkter kring v\u00e5r rapportering? <a href=\"https:\/\/omni.se\/langvarig-expert-lamnar-gift-vid-forsta-ogonkastet\/a\/mailto:redaktion@omni.se\" class=\"ArticleActions_contactLink__W2F1M\" rel=\"nofollow noopener\" target=\"_blank\">Kontakta redaktionen<\/a><\/p>\n","protected":false},"excerpt":{"rendered":"Psykologen Fredric Bohm l\u00e4mnar SVT:s l\u00e5ngk\u00f6rare \u201dGift vid f\u00f6rsta \u00f6gonkastet\u201d, rapporterar Aftonbladet. Bohm har gett beskedet p\u00e5 sin&hellip;\n","protected":false},"author":2,"featured_media":102325,"comment_status":"","ping_status":"","sticky":false,"template":"","format":"standard","meta":{"footnotes":""},"categories":[67],"tags":[104,168,1491,34,31,33,586,32,30,105],"class_list":{"0":"post-102324","1":"post","2":"type-post","3":"status-publish","4":"format-standard","5":"has-post-thumbnail","7":"category-underhallning","8":"tag-entertainment","9":"tag-film-tv","10":"tag-gift-vid-forsta-ogonkastet","11":"tag-se","12":"tag-svenska","13":"tag-sverige","14":"tag-svt","15":"tag-sweden","16":"tag-swedish","17":"tag-underhallning"},"share_on_mastodon":{"url":"https:\/\/pubeurope.com\/@se\/115697351587684844","error":""},"_links":{"self":[{"href":"https:\/\/www.europesays.com\/se\/wp-json\/wp\/v2\/posts\/102324","targetHints":{"allow":["GET"]}}],"collection":[{"href":"https:\/\/www.europesays.com\/se\/wp-json\/wp\/v2\/posts"}],"about":[{"href":"https:\/\/www.europesays.com\/se\/wp-json\/wp\/v2\/types\/post"}],"author":[{"embeddable":true,"href":"https:\/\/www.europesays.com\/se\/wp-json\/wp\/v2\/users\/2"}],"replies":[{"embeddable":true,"href":"https:\/\/www.europesays.com\/se\/wp-json\/wp\/v2\/comments?post=102324"}],"version-history":[{"count":0,"href":"https:\/\/www.europesays.com\/se\/wp-json\/wp\/v2\/posts\/102324\/revisions"}],"wp:featuredmedia":[{"embeddable":true,"href":"https:\/\/www.europesays.com\/se\/wp-json\/wp\/v2\/media\/102325"}],"wp:attachment":[{"href":"https:\/\/www.europesays.com\/se\/wp-json\/wp\/v2\/media?parent=102324"}],"wp:term":[{"taxonomy":"category","embeddable":true,"href":"https:\/\/www.europesays.com\/se\/wp-json\/wp\/v2\/categories?post=102324"},{"taxonomy":"post_tag","embeddable":true,"href":"https:\/\/www.europesays.com\/se\/wp-json\/wp\/v2\/tags?post=102324"}],"curies":[{"name":"wp","href":"https:\/\/api.w.org\/{rel}","templated":true}]}}