{"id":102335,"date":"2025-12-10T21:37:19","date_gmt":"2025-12-10T21:37:19","guid":{"rendered":"https:\/\/www.europesays.com\/se\/102335\/"},"modified":"2025-12-10T21:37:19","modified_gmt":"2025-12-10T21:37:19","slug":"skistar-kritiseras-efter-dodsfall-gor-forandringar","status":"publish","type":"post","link":"https:\/\/www.europesays.com\/se\/102335\/","title":{"rendered":"Skistar kritiseras efter d\u00f6dsfall \u2013 g\u00f6r f\u00f6r\u00e4ndringar"},"content":{"rendered":"<p>Publicerad 10 dec 2025 kl 21.47Uppdaterad kl 22.19<\/p>\n<p>Efter att en person d\u00f6tt i en skidbacke i \u00c5re har Skistar kritiserats f\u00f6r att hetsa \u00e5kare.<\/p>\n<p>Nu ska skidj\u00e4tten se \u00f6ver sin app och \u00f6ka n\u00e4rvaron.<\/p>\n<p>\u2013 Jag \u00e4r j\u00e4tteledsen att h\u00f6ra den kritiken, s\u00e4ger vd:n Stefan Sj\u00f6strand till <a href=\"https:\/\/www.tv4.se\/artikel\/79UdfbuSCzspSmLAmGRSpZ\/skistars-vd-efter-kritiken-ska-se-oever-appen\" rel=\"nofollow noopener\" target=\"_blank\">TV4.<\/a>\u00a0<\/p>\n<p>Senaste nyhetsklippen fr\u00e5n Expressen<img   alt=\"\"\/><\/p>\n<p>En person dog i f\u00f6rra veckan i en skidbacke i \u00c5re.<\/p>\n<p>Foto: Pontus Lundahl \/ TT NYHETSBYR\u00c5N<\/p>\n<p>\u00d6ppna bild i helsk\u00e4rm<img loading=\"lazy\"   alt=\"\"\/><\/p>\n<p>Skistar har kritiserats f\u00f6r att hetsa \u00e5kare. Nu lovar man f\u00f6r\u00e4ndring.<\/p>\n<p>Foto: OLLE SPORRONG<\/p>\n<p>\u00d6ppna bild i helsk\u00e4rm<img loading=\"lazy\"   alt=\"\"\/><\/p>\n<p>Skistars vd Stefan Sj\u00f6strand.<\/p>\n<p>Foto: Jack Mikrut \/ DI TT NYHETSBYR\u00c5N<\/p>\n<p>\u00d6ppna bild i helsk\u00e4rmArtikeln i korthet<\/p>\n<p>\u25a0 Ett tidigare kommunalr\u00e5d i \u00c5re har kritiserat Skistar f\u00f6r att bidra till hetsig st\u00e4mning i backarna.<\/p>\n<p>\u25a0 Skistar h\u00e5ller inte med om kritiken.<\/p>\n<p>\u25a0 Men efter ett d\u00f6dsfall ska nu skidj\u00e4tten g\u00f6ra en del f\u00f6r\u00e4ndringar.<\/p>\n<p>Visa mer<\/p>\n<p>Det var f\u00f6r en knapp vecka sen som en man i 20-\u00e5rs\u00e5ldern fick f\u00f6ras till sjukhus efter en olycka i nedfarten \u201dG\u00e4strappet\u201d i \u00c5re.<\/p>\n<p>Han <a href=\"https:\/\/www.expressen.se\/nyheter\/sverige\/man-dod-efter-skidolycka-i-are\/\" rel=\"nofollow noopener\" target=\"_blank\">bekr\u00e4ftades senare avliden<\/a>.<\/p>\n<p>Enligt Skistar <a href=\"https:\/\/www.expressen.se\/nyheter\/sverige\/skistars-svar-efter-dodsolyckan-i-are-ett-felskar\/\" rel=\"nofollow noopener\" target=\"_blank\">var det en ren olycka<\/a>, d\u00e4r den unga mannen fick \u201dett felsk\u00e4r och hamnade utanf\u00f6r backen\u201d.<\/p>\n<p>Kritiken: \u00c5ker f\u00f6r fort<\/p>\n<p>Efter olyckan har <a href=\"https:\/\/www.expressen.se\/tagg\/organization\/skistar\/\" class=\"\" rel=\"nofollow noopener\" target=\"_blank\">Skistar<\/a> f\u00e5tt kritik f\u00f6r att bidra till hetsig st\u00e4mning i backarna i samband med s\u00e4songspremi\u00e4ren. En klassiker i \u00c5re \u00e4r att ses f\u00f6r en \u201d\u00e5tta i \u00e5ttan\u201d, vilket inneb\u00e4r att man tar liften VM8:an upp f\u00f6r Skutan klockan 08 p\u00e5 morgonen, och enligt kommunens tidigare kommunalr\u00e5d Jonas Henning (M) \u00e4r det ett uppl\u00e4gg som kan skapa riskfyllda situationer.<\/p>\n<p>Han menar att s\u00e4songspremi\u00e4ren \u00e4r full av \u201dhormonstinna skid\u00e5kare\u201d och att framf\u00f6r allt ungdomar \u00e5ker f\u00f6r fort.<\/p>\n<p>\u2013 I \u201d\u00e5tta i \u00e5ttan\u201d finns ingen ut\u00f6kad s\u00e4kerhet, inga nummerlappar och ingen kontroll. Det hela \u00e4r som en normal skiddag. Fast \u00e4nd\u00e5 inte, det har utvecklats till en slags t\u00e4vling d\u00e4r man ska \u00e5ka s\u00e5 m\u00e5nga \u00e5k som m\u00f6jligt p\u00e5 en begr\u00e4nsad tid, s\u00e4ger Henning till <a href=\"https:\/\/www.tv4.se\/artikel\/1UvRGAmk764yrUSHfD4q8F\/kritiken-mot-skistar-efter-doedsolyckan-aer-ren-idioti\" rel=\"nofollow noopener\" target=\"_blank\">TV4.<\/a><\/p>\n<p>Skistars svar om appen<\/p>\n<p>Han menar att Skistar bidrar till hetsig st\u00e4mning genom att \u201dsnacka upp evenemanget\u201d och r\u00e4kna \u00e5kares \u00e5k och h\u00f6jdmeter i appen, och dessutom \u201dblundar f\u00f6r problemet\u201d med \u00e5kare som inte f\u00f6ljer regler.<\/p>\n<p>Skistar uppger f\u00f6r TV4 att s\u00e4kerhet \u00e4r \u201dextremt viktigt\u201d f\u00f6r dem, och att man inte uppmuntrar till att \u00e5ka snabbt. Syftet med appen \u00e4r snarare att uppmuntra till att \u00e5ka skidor och \u201duppt\u00e4cka hela liftsystemet\u201d.<\/p>\n<p>Men dagen efter kritiken s\u00e4ger vd:n Stefan Sj\u00f6strand till <a href=\"https:\/\/www.tv4.se\/artikel\/79UdfbuSCzspSmLAmGRSpZ\/skistars-vd-efter-kritiken-ska-se-oever-appen\" rel=\"nofollow noopener\" target=\"_blank\">TV4<\/a> att han ska prata med apputvecklarna.<\/p>\n<p>\u2013 Skulle det vara s\u00e5 att v\u00e5r app uppmanar till att k\u00f6ra f\u00f6r snabbt \u00e4r jag den f\u00f6rsta att g\u00e5 till de personer som jobbar med v\u00e5r apputveckling f\u00f6r att se om det st\u00e4mmer.<\/p>\n<p>Mer personal i backarna<\/p>\n<p>Hans personliga uppfattning \u00e4r dock att Skistar inte bidrar till n\u00e5gon hets.<\/p>\n<p>\u2013 Jag \u00e4r j\u00e4tteledsen att h\u00f6ra den kritiken f\u00f6r jag k\u00e4nner inte igen den, s\u00e4ger Sj\u00f6strand till TV4.<\/p>\n<p>Samtidigt uppger Skistar att de nu ska \u00f6ka personaln\u00e4rvaron i backarna i syfte att fr\u00e4mja s\u00e4ker \u00e5kning, och \u00f6ka informationen om vilka \u00e5kregler som g\u00e4ller. Man ska ocks\u00e5 \u00e4ndra i appen, s\u00e5 att \u00e5k som har g\u00e5tt f\u00f6r fort inte registreras.<\/p>\n<p>Regler f\u00f6r skid\u00e5kning<\/p>\n<p> Var uppm\u00e4rksam och visa h\u00e4nsyn.<\/p>\n<p> Anpassa farten efter terr\u00e4ng, utrustning, v\u00e4der och f\u00f6rm\u00e5ga.<\/p>\n<p> H\u00e5ll undan f\u00f6r \u00e5kare som \u00e4r framf\u00f6r dig.<\/p>\n<p> Starta f\u00f6rsiktigt, och kontrollera b\u00e5de upp\u00e5t och ner\u00e5t s\u00e5 att backen \u00e4r fri.<\/p>\n<p> Ska du stanna, g\u00f6r det d\u00e4r du syns.<\/p>\n<p> K\u00f6r om med marginal.<\/p>\n<p> Om du ska kl\u00e4ttra upp\u00e5t, g\u00f6r alltid det vid sidan av nedfarten.<\/p>\n<p> F\u00f6lj skyltars anvisningar.<\/p>\n<p> Hj\u00e4lp till vid olycksfall.<\/p>\n<p> Kontakta personalen om du uppt\u00e4cker exempelvis hinder, faror eller olycksfall.<\/p>\n<p>K\u00e4lla: Skistar<\/p>\n<p>Visa mer<\/p>\n","protected":false},"excerpt":{"rendered":"Publicerad 10 dec 2025 kl 21.47Uppdaterad kl 22.19 Efter att en person d\u00f6tt i en skidbacke i \u00c5re&hellip;\n","protected":false},"author":2,"featured_media":102336,"comment_status":"","ping_status":"","sticky":false,"template":"","format":"standard","meta":{"footnotes":""},"categories":[5],"tags":[22,23,26,27,17,21,24,25,11425,28,29,15,16,11426,18,34,154,31,33,32,30,19,427,20],"class_list":{"0":"post-102335","1":"post","2":"type-post","3":"status-publish","4":"format-standard","5":"has-post-thumbnail","7":"category-rubriker","8":"tag-breaking-news","9":"tag-breakingnews","10":"tag-featured-news","11":"tag-featurednews","12":"tag-headlines","13":"tag-huvudnyheter","14":"tag-latest-news","15":"tag-latestnews","16":"tag-location-are","17":"tag-main-news","18":"tag-mainnews","19":"tag-news","20":"tag-nyheter","21":"tag-organization-skistar","22":"tag-rubriker","23":"tag-se","24":"tag-sections-sverige","25":"tag-svenska","26":"tag-sverige","27":"tag-sweden","28":"tag-swedish","29":"tag-top-stories","30":"tag-topic-dodsfall","31":"tag-topstories"},"share_on_mastodon":{"url":"https:\/\/pubeurope.com\/@se\/115697434192639260","error":""},"_links":{"self":[{"href":"https:\/\/www.europesays.com\/se\/wp-json\/wp\/v2\/posts\/102335","targetHints":{"allow":["GET"]}}],"collection":[{"href":"https:\/\/www.europesays.com\/se\/wp-json\/wp\/v2\/posts"}],"about":[{"href":"https:\/\/www.europesays.com\/se\/wp-json\/wp\/v2\/types\/post"}],"author":[{"embeddable":true,"href":"https:\/\/www.europesays.com\/se\/wp-json\/wp\/v2\/users\/2"}],"replies":[{"embeddable":true,"href":"https:\/\/www.europesays.com\/se\/wp-json\/wp\/v2\/comments?post=102335"}],"version-history":[{"count":0,"href":"https:\/\/www.europesays.com\/se\/wp-json\/wp\/v2\/posts\/102335\/revisions"}],"wp:featuredmedia":[{"embeddable":true,"href":"https:\/\/www.europesays.com\/se\/wp-json\/wp\/v2\/media\/102336"}],"wp:attachment":[{"href":"https:\/\/www.europesays.com\/se\/wp-json\/wp\/v2\/media?parent=102335"}],"wp:term":[{"taxonomy":"category","embeddable":true,"href":"https:\/\/www.europesays.com\/se\/wp-json\/wp\/v2\/categories?post=102335"},{"taxonomy":"post_tag","embeddable":true,"href":"https:\/\/www.europesays.com\/se\/wp-json\/wp\/v2\/tags?post=102335"}],"curies":[{"name":"wp","href":"https:\/\/api.w.org\/{rel}","templated":true}]}}