{"id":102338,"date":"2025-12-10T21:45:16","date_gmt":"2025-12-10T21:45:16","guid":{"rendered":"https:\/\/www.europesays.com\/se\/102338\/"},"modified":"2025-12-10T21:45:16","modified_gmt":"2025-12-10T21:45:16","slug":"fed-sanker-styrrantan-en-kvarts-procentenhet","status":"publish","type":"post","link":"https:\/\/www.europesays.com\/se\/102338\/","title":{"rendered":"Fed s\u00e4nker styrr\u00e4ntan en kvarts procentenhet"},"content":{"rendered":"<p>Inf\u00f6r beslutet p\u00e5 onsdagskv\u00e4llen svensk tid hade marknaden prisat in n\u00e4stan 90 procents sannolikhet f\u00f6r en s\u00e4nkning i den storleksordningen, enligt analysf\u00f6retaget CME Fedwatch.<\/p>\n<p>Samtidigt hade de tolv r\u00f6stber\u00e4ttigade ledam\u00f6terna i Federal Open Market Committee (FOMC) ett ovanligt sv\u00e5rt beslut att fatta. Detta eftersom underlag i form av aktuell arbetsmarknads- och inflationsstatistik till stor del saknats p\u00e5 grund av den l\u00e5nga nedst\u00e4ngningen av statsapparaten tidigare i h\u00f6st.<\/p>\n<p>Trycket har \u00e4ven \u00f6kat av att president Donald Trump g\u00e5ng p\u00e5 g\u00e5ng \u2013 med karakt\u00e4ristiskt tydliga ordalag \u2013 kr\u00e4vt s\u00e4nkt r\u00e4nta och kallat Fed-ordf\u00f6rande Jerome Powell f\u00f6r senf\u00e4rdig.<\/p>\n<p>Tre oeniga ledam\u00f6ter<\/p>\n<p>Tre ledam\u00f6ter var oeniga med onsdagens beslut. Stephen Miran ville s\u00e4nka med en halv procentenhet medan Austan Goolsbee och Jeffrey Schmid inte ville s\u00e4nka alls.<\/p>\n<p>Nu kom tredje s\u00e4nkningen i rad, sedan FOMC-m\u00f6ten i september och oktober f\u00e5tt samma utfall och med samma storlek.<\/p>\n<p>I ett uttalande efter beslutet skriver FOMC:<\/p>\n<p>\u201dN\u00e4r kommitt\u00e9n \u00f6verv\u00e4ger omfattningen och tidpunkten f\u00f6r ytterligare justeringar av m\u00e5lintervallet f\u00f6r styrr\u00e4ntan kommer den att noggrant bed\u00f6ma inkommande data, de utvecklande utsikterna och riskbalansen.\u201d<\/p>\n<p>\u201dV\u00e4nta och se\u201d<\/p>\n<p>Det tolkas som ett h\u00f6kaktigt uttalande som antyder att FOMC sannolikt \u00e4r klar med s\u00e4nkningarna f\u00f6r tillf\u00e4llet, vilket f\u00f6rst\u00e4rktes av Powells uttalande om r\u00e4ntekurvan vid en presskonferens.<\/p>\n<p>\u2013 Vi \u00e4r v\u00e4l positionerade f\u00f6r att v\u00e4nta och se hur ekonomin utvecklas, sade han.<\/p>\n<p>Feds beslut p\u00e5verkar direkt utvecklingen p\u00e5 marknaderna i USA och i \u00f6vriga v\u00e4rlden.<\/p>\n<p>N\u00e4r offentligg\u00f6randet kom kl\u00e4ttrade alla tre st\u00f6rre index p\u00e5 New York-b\u00f6rsen fr\u00e5n minus till klart plus.<\/p>\n<p>Men Trump \u00e4r fortfarande missn\u00f6jd och s\u00e4ger att s\u00e4nkningen kunde ha \u201d\u00e5tminstone f\u00f6rdubblats\u201d.<\/p>\n","protected":false},"excerpt":{"rendered":"Inf\u00f6r beslutet p\u00e5 onsdagskv\u00e4llen svensk tid hade marknaden prisat in n\u00e4stan 90 procents sannolikhet f\u00f6r en s\u00e4nkning i&hellip;\n","protected":false},"author":2,"featured_media":102339,"comment_status":"","ping_status":"","sticky":false,"template":"","format":"standard","meta":{"footnotes":""},"categories":[5],"tags":[22,23,26,27,17,21,24,25,28,29,15,16,18,34,31,33,32,30,19,20],"class_list":{"0":"post-102338","1":"post","2":"type-post","3":"status-publish","4":"format-standard","5":"has-post-thumbnail","7":"category-rubriker","8":"tag-breaking-news","9":"tag-breakingnews","10":"tag-featured-news","11":"tag-featurednews","12":"tag-headlines","13":"tag-huvudnyheter","14":"tag-latest-news","15":"tag-latestnews","16":"tag-main-news","17":"tag-mainnews","18":"tag-news","19":"tag-nyheter","20":"tag-rubriker","21":"tag-se","22":"tag-svenska","23":"tag-sverige","24":"tag-sweden","25":"tag-swedish","26":"tag-top-stories","27":"tag-topstories"},"share_on_mastodon":{"url":"https:\/\/pubeurope.com\/@se\/115697465581509878","error":""},"_links":{"self":[{"href":"https:\/\/www.europesays.com\/se\/wp-json\/wp\/v2\/posts\/102338","targetHints":{"allow":["GET"]}}],"collection":[{"href":"https:\/\/www.europesays.com\/se\/wp-json\/wp\/v2\/posts"}],"about":[{"href":"https:\/\/www.europesays.com\/se\/wp-json\/wp\/v2\/types\/post"}],"author":[{"embeddable":true,"href":"https:\/\/www.europesays.com\/se\/wp-json\/wp\/v2\/users\/2"}],"replies":[{"embeddable":true,"href":"https:\/\/www.europesays.com\/se\/wp-json\/wp\/v2\/comments?post=102338"}],"version-history":[{"count":0,"href":"https:\/\/www.europesays.com\/se\/wp-json\/wp\/v2\/posts\/102338\/revisions"}],"wp:featuredmedia":[{"embeddable":true,"href":"https:\/\/www.europesays.com\/se\/wp-json\/wp\/v2\/media\/102339"}],"wp:attachment":[{"href":"https:\/\/www.europesays.com\/se\/wp-json\/wp\/v2\/media?parent=102338"}],"wp:term":[{"taxonomy":"category","embeddable":true,"href":"https:\/\/www.europesays.com\/se\/wp-json\/wp\/v2\/categories?post=102338"},{"taxonomy":"post_tag","embeddable":true,"href":"https:\/\/www.europesays.com\/se\/wp-json\/wp\/v2\/tags?post=102338"}],"curies":[{"name":"wp","href":"https:\/\/api.w.org\/{rel}","templated":true}]}}