{"id":10234,"date":"2025-08-21T11:22:09","date_gmt":"2025-08-21T11:22:09","guid":{"rendered":"https:\/\/www.europesays.com\/se\/10234\/"},"modified":"2025-08-21T11:22:09","modified_gmt":"2025-08-21T11:22:09","slug":"efter-missen-mikko-rantanen-riskerar-jatteboter-i-finland","status":"publish","type":"post","link":"https:\/\/www.europesays.com\/se\/10234\/","title":{"rendered":"Efter missen \u2013 Mikko Rantanen riskerar j\u00e4tteb\u00f6ter i Finland"},"content":{"rendered":"<p><strong>Mikko Rantanen ans\u00f6kte f\u00f6r sent om att \u00e4ndra startdatumet p\u00e5 sin milit\u00e4rtj\u00e4nstg\u00f6ring i Finland.<br \/>Nu riskerar NHL-stj\u00e4rnan en j\u00e4tteb\u00f6ter, rapporterar <a href=\"https:\/\/www.is.fi\/nhl\/art-2000011440327.html\" rel=\"nofollow noopener\" target=\"_blank\">Ilta-Sanomat<\/a>.<\/strong><\/p>\n<p><img loading=\"lazy\" decoding=\"async\" width=\"1024\" height=\"658\" src=\"https:\/\/www.europesays.com\/se\/wp-content\/uploads\/2025\/08\/250409BB103-1024x658.webp.webp\" alt=\"Mikko Rantanen\" class=\"wp-image-298097\"  \/>Mikko Rantanen.<br \/><strong>Foto:<\/strong> Jerome Miron\/Imagn Images\/Bildbyr\u00e5n<\/p>\n<p>Det var i april f\u00f6rra \u00e5ret som <a href=\"https:\/\/hockeysverige.se\/spelare\/mikko-rantanen\/\" rel=\"nofollow noopener\" target=\"_blank\">Mikko Rantanen<\/a> skulle ha inst\u00e4llt sig f\u00f6r milit\u00e4rtj\u00e4nstg\u00f6ring hemma i Finland. <\/p>\n<p><a href=\"https:\/\/hockeysverige.se\/klubb\/colorado-avalanche\/\" rel=\"nofollow noopener\" target=\"_blank\">Colorado Avalanche<\/a>, som Rantanen d\u00e5 tillh\u00f6rde, var mitt uppe i slutskedet av <a href=\"https:\/\/hockeysverige.se\/nhl\/\" rel=\"nofollow noopener\" target=\"_blank\">NHL<\/a>:s grundserie och skulle till att dra ig\u00e5ng Stanley Cup-slutspelet, varp\u00e5 Rantanen ans\u00f6kte om att senarel\u00e4gga startdatumet p\u00e5 tj\u00e4nstg\u00f6ringen. Ans\u00f6kan godk\u00e4ndes \u2013 men trots det riskerar Rantanen en j\u00e4tteb\u00f6ter.<\/p>\n<p>Detta d\u00e5 ans\u00f6kan inkommit f\u00f6r sent, rapporterar Ilta-Sanomat.<\/p>\n<p>Kan straffas med dagsb\u00f6ter<\/p>\n<p>Enligt den finska tidningen riskerar nu Rantanen en b\u00f6ter p\u00e5 mellan 56 500 euro och 84 750 euro, vilket motsvarar mellan 631 000 kronor och 946 000 kronor. Detta d\u00e5 \u00e5klagare yrkar p\u00e5 tio till 15 dagsb\u00f6ter som straff f\u00f6r Rantanens otill\u00e5tna fr\u00e5nvaro. Under s\u00e4songen 2023\/24 tj\u00e4nade Rantanen 9,5 miljoner dollar <a href=\"https:\/\/puckpedia.com\/player\/mikko-rantanen\" rel=\"nofollow noopener\" target=\"_blank\">enligt Puckpedia<\/a> och den g\u00e5ngna s\u00e4songen inkasserade Rantanen sex miljoner dollar i l\u00f6n.<\/p>\n<p>Rantanen trejdades fr\u00e5n Colorado till <a href=\"https:\/\/hockeysverige.se\/klubb\/carolina-hurricanes\/\" rel=\"nofollow noopener\" target=\"_blank\">Carolina Hurricanes<\/a> i januari, innan han vid deadline i mars skeppades vidare till <a href=\"https:\/\/hockeysverige.se\/klubb\/dallas-stars\" rel=\"nofollow noopener\" target=\"_blank\">Dallas Stars<\/a> d\u00e4r han tecknade ett nytt \u00e5tta\u00e5rskontrakt v\u00e4rt 96 miljoner dollar, vilket motsvarar 920 miljoner kronor. <\/p>\n<p>Den kommande s\u00e4songen tj\u00e4nar Rantanen 15 miljoner dollar (143 miljoner kronor), vilket g\u00f6r honom till den delat femte <a href=\"https:\/\/hockeysverige.se\/nhl\/har-ar-alla-nhls-100-miljonersspelare\/\" rel=\"nofollow noopener\" target=\"_blank\">b\u00e4st betalde spelaren i NHL den kommande s\u00e4songen<\/a>.<\/p>\n","protected":false},"excerpt":{"rendered":"Mikko Rantanen ans\u00f6kte f\u00f6r sent om att \u00e4ndra startdatumet p\u00e5 sin milit\u00e4rtj\u00e4nstg\u00f6ring i Finland.Nu riskerar NHL-stj\u00e4rnan en j\u00e4tteb\u00f6ter,&hellip;\n","protected":false},"author":2,"featured_media":10235,"comment_status":"","ping_status":"","sticky":false,"template":"","format":"standard","meta":{"footnotes":""},"categories":[68],"tags":[247,34,133,111,110,31,33,32,30],"class_list":{"0":"post-10234","1":"post","2":"type-post","3":"status-publish","4":"format-standard","5":"has-post-thumbnail","7":"category-sport","8":"tag-nhl","9":"tag-se","10":"tag-second-news","11":"tag-sport","12":"tag-sports","13":"tag-svenska","14":"tag-sverige","15":"tag-sweden","16":"tag-swedish"},"share_on_mastodon":{"url":"","error":""},"_links":{"self":[{"href":"https:\/\/www.europesays.com\/se\/wp-json\/wp\/v2\/posts\/10234","targetHints":{"allow":["GET"]}}],"collection":[{"href":"https:\/\/www.europesays.com\/se\/wp-json\/wp\/v2\/posts"}],"about":[{"href":"https:\/\/www.europesays.com\/se\/wp-json\/wp\/v2\/types\/post"}],"author":[{"embeddable":true,"href":"https:\/\/www.europesays.com\/se\/wp-json\/wp\/v2\/users\/2"}],"replies":[{"embeddable":true,"href":"https:\/\/www.europesays.com\/se\/wp-json\/wp\/v2\/comments?post=10234"}],"version-history":[{"count":0,"href":"https:\/\/www.europesays.com\/se\/wp-json\/wp\/v2\/posts\/10234\/revisions"}],"wp:featuredmedia":[{"embeddable":true,"href":"https:\/\/www.europesays.com\/se\/wp-json\/wp\/v2\/media\/10235"}],"wp:attachment":[{"href":"https:\/\/www.europesays.com\/se\/wp-json\/wp\/v2\/media?parent=10234"}],"wp:term":[{"taxonomy":"category","embeddable":true,"href":"https:\/\/www.europesays.com\/se\/wp-json\/wp\/v2\/categories?post=10234"},{"taxonomy":"post_tag","embeddable":true,"href":"https:\/\/www.europesays.com\/se\/wp-json\/wp\/v2\/tags?post=10234"}],"curies":[{"name":"wp","href":"https:\/\/api.w.org\/{rel}","templated":true}]}}