{"id":102343,"date":"2025-12-10T21:51:08","date_gmt":"2025-12-10T21:51:08","guid":{"rendered":"https:\/\/www.europesays.com\/se\/102343\/"},"modified":"2025-12-10T21:51:08","modified_gmt":"2025-12-10T21:51:08","slug":"trump-usa-har-beslagtagit-tankfartyg-utanfor-venezuela","status":"publish","type":"post","link":"https:\/\/www.europesays.com\/se\/102343\/","title":{"rendered":"Trump: USA har beslagtagit tankfartyg utanf\u00f6r Venezuela"},"content":{"rendered":"<p>\u2013 Vi har just beslagtagit ett tankfartyg vid Venezuelas kust, ett stort tankfartyg, v\u00e4ldigt stort, faktiskt det st\u00f6rsta som n\u00e5gonsin beslagtagits, sa Trump till reportrar i Vita huset enligt nyhetsbyr\u00e5n AP.<\/p>\n<p>Operationen leddes av USA:s kustbevakning, uppger tv\u00e5 amerikanska myndighetsk\u00e4llor f\u00f6r Reuters.<\/p>\n<p>Fartyget var belagt med amerikanska sanktioner, uppger en amerikansk regeringsk\u00e4lla f\u00f6r Bloomberg. Det ska senast ha lagt till i Venezuela. Det finns inga n\u00e4rmare uppgifter om oljetankerns namn eller exakt var den ska ha beslagtagits.<\/p>\n<p>\u201dEn tydlig upptrappning\u201d<\/p>\n<p>Beslaget \u00e4r en tydlig upptrappning av USA:s tryck p\u00e5 Venezuela, men inte av det milit\u00e4ra slag som m\u00e5nga v\u00e4ntat sig, s\u00e4ger SVT:s Latinamerikakorrespondent Tigran Feiler.<\/p>\n<p>\u2013 Nu blev det n\u00e5got annat. Man ger sig p\u00e5 en oljetanker, men det \u00e4r naturligtvis en stark signal, inte minst mot ett land som Venezuela d\u00e4r 90 procent av ekonomin grundar sig p\u00e5 just oljan. <\/p>\n<p>\u2013 Det h\u00e4r blir d\u00e5 ytterligare ett s\u00e4tt att \u00f6ka trycket, att f\u00f6rs\u00f6ka strypa det ekonomiska fl\u00f6det till Venezuela, s\u00e4ger han i <a href=\"https:\/\/www.svtplay.se\/video\/KwqD6oM\/svt-nyheter-direkt\/trump-usa-har-beslagtagit-oljetanker\" rel=\"nofollow noopener\" target=\"_blank\">SVT:s lives\u00e4ndning.<\/a><\/p>\n<p>\u00d6kad press de senaste m\u00e5naderna<\/p>\n<p>De senaste m\u00e5naderna har USA \u00f6kat pressen mot Venezuela genom att f\u00f6rflytta krigsfartyg till Karibien, bland dem v\u00e4rldens st\u00f6rsta hangarfartyg. <\/p>\n<p>Amerikanska styrkor har ocks\u00e5 attackerat ett antal fartyg som p\u00e5st\u00e5tts smuggla knark till USA, vilket lett till minst 87 m\u00e4nniskors d\u00f6d.<\/p>\n<p>Venezuela har svarat med att st\u00e4rka milit\u00e4ren och med att anklaga USA f\u00f6r mord.<\/p>\n<p>Landets auktorit\u00e4re president Nicol\u00e1s Maduro n\u00e4mnde inte oljetankern n\u00e4r han talade p\u00e5 ett massm\u00f6te i huvudstaden Caracas senare p\u00e5 dagen. Han f\u00f6rs\u00e4krade d\u00e4remot att Venezuela \u00e4r \u201dredo att sl\u00e5 ut t\u00e4nderna p\u00e5 det amerikanska imperiet om det blir n\u00f6dv\u00e4ndigt\u201d, rapporterar nyhetsbyr\u00e5n AP.<\/p>\n<p>Oljan dyrare<\/p>\n<p>Oljepriserna v\u00e4nde upp\u00e5t n\u00e4r nyheten blev k\u00e4nd. Vid 21-tiden svensk tid hade priserna stigit med drygt 1 procent, rapporterar <a href=\"https:\/\/www.cnbc.com\/2025\/12\/10\/us-venezuela-oil-tanker-seize.html\" rel=\"nofollow noopener\" target=\"_blank\">CNBC<\/a>.<\/p>\n<p>Energihandlaren Rebecca Babin s\u00e4ger till Bloomberg att eskaleringen \u00f6kar risken f\u00f6r utbudsst\u00f6rningar, men att det f\u00f6rmodligen r\u00f6r sig om en kortsiktig effekt eftersom USA vill se l\u00e5ga priser p\u00e5 olja och gas.<\/p>\n<p><a href=\"https:\/\/www.svtplay.se\/video\/KwqD6oM\/svt-nyheter-direkt\/trump-usa-har-beslagtagit-oljetanker?video=visa\" rel=\"nofollow noopener\" target=\"_blank\">H\u00e4r<\/a> kan du se SVT:s lives\u00e4ndning om Trumps besked i efterhand.<\/p>\n","protected":false},"excerpt":{"rendered":"\u2013 Vi har just beslagtagit ett tankfartyg vid Venezuelas kust, ett stort tankfartyg, v\u00e4ldigt stort, faktiskt det st\u00f6rsta&hellip;\n","protected":false},"author":2,"featured_media":102344,"comment_status":"","ping_status":"","sticky":false,"template":"","format":"standard","meta":{"footnotes":""},"categories":[14],"tags":[22,23,26,27,17,21,24,25,28,29,15,16,18,34,31,33,32,30,19,20,51,52,53,54],"class_list":{"0":"post-102343","1":"post","2":"type-post","3":"status-publish","4":"format-standard","5":"has-post-thumbnail","7":"category-varlden","8":"tag-breaking-news","9":"tag-breakingnews","10":"tag-featured-news","11":"tag-featurednews","12":"tag-headlines","13":"tag-huvudnyheter","14":"tag-latest-news","15":"tag-latestnews","16":"tag-main-news","17":"tag-mainnews","18":"tag-news","19":"tag-nyheter","20":"tag-rubriker","21":"tag-se","22":"tag-svenska","23":"tag-sverige","24":"tag-sweden","25":"tag-swedish","26":"tag-top-stories","27":"tag-topstories","28":"tag-varlden","29":"tag-world","30":"tag-world-news","31":"tag-worldnews"},"share_on_mastodon":{"url":"https:\/\/pubeurope.com\/@se\/115697489208090640","error":""},"_links":{"self":[{"href":"https:\/\/www.europesays.com\/se\/wp-json\/wp\/v2\/posts\/102343","targetHints":{"allow":["GET"]}}],"collection":[{"href":"https:\/\/www.europesays.com\/se\/wp-json\/wp\/v2\/posts"}],"about":[{"href":"https:\/\/www.europesays.com\/se\/wp-json\/wp\/v2\/types\/post"}],"author":[{"embeddable":true,"href":"https:\/\/www.europesays.com\/se\/wp-json\/wp\/v2\/users\/2"}],"replies":[{"embeddable":true,"href":"https:\/\/www.europesays.com\/se\/wp-json\/wp\/v2\/comments?post=102343"}],"version-history":[{"count":0,"href":"https:\/\/www.europesays.com\/se\/wp-json\/wp\/v2\/posts\/102343\/revisions"}],"wp:featuredmedia":[{"embeddable":true,"href":"https:\/\/www.europesays.com\/se\/wp-json\/wp\/v2\/media\/102344"}],"wp:attachment":[{"href":"https:\/\/www.europesays.com\/se\/wp-json\/wp\/v2\/media?parent=102343"}],"wp:term":[{"taxonomy":"category","embeddable":true,"href":"https:\/\/www.europesays.com\/se\/wp-json\/wp\/v2\/categories?post=102343"},{"taxonomy":"post_tag","embeddable":true,"href":"https:\/\/www.europesays.com\/se\/wp-json\/wp\/v2\/tags?post=102343"}],"curies":[{"name":"wp","href":"https:\/\/api.w.org\/{rel}","templated":true}]}}