{"id":102352,"date":"2025-12-10T22:22:10","date_gmt":"2025-12-10T22:22:10","guid":{"rendered":"https:\/\/www.europesays.com\/se\/102352\/"},"modified":"2025-12-10T22:22:10","modified_gmt":"2025-12-10T22:22:10","slug":"nina-unesi-tvingas-bort-fran-s-kvinnor-efter-kritik","status":"publish","type":"post","link":"https:\/\/www.europesays.com\/se\/102352\/","title":{"rendered":"Nina Unesi tvingas bort fr\u00e5n S-kvinnor efter kritik"},"content":{"rendered":"<p>Publicerad 10 dec 2025 kl 20.07Uppdaterad kl 20.53<\/p>\n<p>S-kvinnors f\u00f6rbundssekreterare Nina Unesi har tvingats bort fr\u00e5n sin post.\u00a0<\/p>\n<p>Efter Expressens avsl\u00f6jande om l\u00e5ngvariga och allvarliga arbetsmilj\u00f6problem p\u00e5 kansliet har Unesi k\u00f6pts ut, erfar Expressen.\u00a0<\/p>\n<p>\u2013 Det sticker i \u00f6gonen \u00e4nd\u00e5, n\u00e4r det \u00e4r hon som var problemet, s\u00e4ger en person som tidigare jobbat f\u00f6r Unesi. \u00a0<\/p>\n<p>Senaste nyhetsklippen fr\u00e5n Expressen.<img   alt=\"\"\/><\/p>\n<p>Nina Unesi var fram till den 30 november f\u00f6rbundssekreterare f\u00f6r S-kvinnor. Nu har hon k\u00f6pts ut, enligt Expressens uppgifter.<\/p>\n<p>Foto: S-kvinnor<\/p>\n<p>\u00d6ppna bild i helsk\u00e4rm<img loading=\"lazy\"   alt=\"\"\/><\/p>\n<p>Nina Unesi valdes till f\u00f6rbundssekreterare f\u00f6r en ytterligare mandatperiod om tv\u00e5 \u00e5r s\u00e5 sent som i augusti i \u00e5r. Trots att det under kongressen var tydligt f\u00f6r b\u00e5de styrelse och valberedning att det fanns ett utbrett missn\u00f6je med Unesis ledarskap.<\/p>\n<p>Foto: Socialdemokraterna<\/p>\n<p>\u00d6ppna bild i helsk\u00e4rm<\/p>\n<p>Det var i samband med S-kvinnors kongress i augusti som <a href=\"https:\/\/www.expressen.se\/nyheter\/politik\/larmet-inifran-s-kvinnor-otrygg-arbetsmiljo-\" rel=\"nofollow noopener\" target=\"_blank\">Expressen kunde avsl\u00f6ja <\/a>ett utbrett missn\u00f6je med d\u00e5varande f\u00f6rbundssekreterare Nina Unesi.\u00a0<\/p>\n<p>Trots att styrelsen, valberedningen och flera av distrikten var medvetna om problematiken \u2013 d\u00e4r Unesi anklagades f\u00f6r att styra f\u00f6rbundet med j\u00e4rnhand \u2013 valdes hon \u00e5ter till tv\u00e5 \u00e5r p\u00e5 posten.<\/p>\n<p>Nu har hon f\u00e5tt l\u00e4mna sin post.\u00a0<\/p>\n<p>\u2013 Jag \u00e4r tr\u00f6tt och jag \u00e4r arg, s\u00e4ger en kvinna som arbetat med Nina Unesi.\u00a0<\/p>\n<p>Enligt Expressens uppgifter gick inte Unesi frivilligt, trots starka p\u00e5tryckningar uppifr\u00e5n i partiet, utan beh\u00f6vde k\u00f6pas ut.\u00a0<\/p>\n<p>\u2013 Det sticker ju i \u00f6gonen f\u00f6r d\u00e5 har ju hon f\u00e5tt betalt \u00e4nd\u00e5. Fast det \u00e4r hon som \u00e4r problemet, s\u00e4ger en annan kvinna.\u00a0<\/p>\n<p>Hon tar \u00f6ver<\/p>\n<p>Ny p\u00e5 posten \u00e4r St\u00e9phanie Th\u00f6gersen som blir tillf\u00f6rordnad f\u00f6rbundssekreterare f\u00f6r S-kvinnor, n\u00e5got <a href=\"https:\/\/www.altinget.se\/artikel\/s-kvinnors-forbundssekreterare-avgaar\" rel=\"nofollow noopener\" target=\"_blank\">Altinget<\/a> var f\u00f6rst med att rapportera.<\/p>\n<p>Hon kommer n\u00e4rmast fr\u00e5n Kommunal d\u00e4r hon arbetat som projektledare och har tidigare arbetat p\u00e5 f\u00f6rbundet som politisk sakkunnig.\u00a0<\/p>\n<p>Annika Strandh\u00e4ll, ordf\u00f6rande f\u00f6r S-kvinnor skriver p\u00e5 <a href=\"https:\/\/www.instagram.com\/p\/DSAwdVmiIXs\/\" rel=\"nofollow noopener\" target=\"_blank\">Instagram<\/a> att hon ser fram emot \u201dden kunskap och det driv\u201d St\u00e9phanie Th\u00f6gersen kommer att tillf\u00f6ra f\u00f6rbundet.\u00a0<\/p>\n<p>Th\u00f6gersen \u00e4r tillsatt av styrelsen och har tillf\u00f6rordnandet fram till kongressen 2027.\u00a0<\/p>\n<p>Men det socialdemokratiska kvinnof\u00f6rbundet st\u00e5r \u00e4ven inf\u00f6r framtida m\u00f6jliga f\u00f6r\u00e4ndringar. Enligt Expressens uppgifter ska en granskning tills\u00e4ttas f\u00f6r att utreda inte bara h\u00e4ndelsef\u00f6rloppet som ledde fram till Unesis avg\u00e5ng, utan ocks\u00e5 om tj\u00e4nsten som f\u00f6rbundsordf\u00f6rande ska vara f\u00f6rtroendevald eller en tj\u00e4nstemannaposition.\u00a0<\/p>\n<p>\u2013 De ska ocks\u00e5 kika p\u00e5 vilket mandat den personen ska ha. Styrelsen har f\u00f6rst\u00e5tt nu att de under v\u00e4ldigt m\u00e5nga \u00e5r gett f\u00f6rbundssekreteraren f\u00f6r mycket mandat, s\u00e4ger en k\u00e4lla med insyn. \u00a0<\/p>\n<p>Expressen s\u00f6ker Annika Strandh\u00e4ll och Nina Unesi.\u00a0<\/p>\n<p><strong>L\u00c4S MER: <\/strong><a href=\"https:\/\/www.expressen.se\/nyheter\/politik\/larmet-inifran-s-kvinnor-otrygg-arbetsmiljo-\/\" class=\"\" rel=\"nofollow noopener\" target=\"_blank\">Larmet inifr\u00e5n S-kvinnor: Otrygg arbetsmilj\u00f6<\/a><strong>L\u00c4S MER: <\/strong><a href=\"https:\/\/www.expressen.se\/ledare\/linda-jerneck\/vad-visste-strandhall-om--s-kvinnors-menskontroll\/\" class=\"\" rel=\"nofollow noopener\" target=\"_blank\">Vad visste Strandh\u00e4ll om  S-kvinnors menskontroll?<\/a><strong>L\u00c4S MER: <\/strong><a href=\"https:\/\/www.expressen.se\/nyheter\/politik\/kravet-fran-moderaternas-kvinnoforbund-avga-strandhall\/\" class=\"\" rel=\"nofollow noopener\" target=\"_blank\">Kravet fr\u00e5n Moderaternas kvinnof\u00f6rbund: Avg\u00e5 Strandh\u00e4ll<\/a><script async src=\"\/\/www.instagram.com\/embed.js\"><\/script><\/p>\n","protected":false},"excerpt":{"rendered":"Publicerad 10 dec 2025 kl 20.07Uppdaterad kl 20.53 S-kvinnors f\u00f6rbundssekreterare Nina Unesi har tvingats bort fr\u00e5n sin post.\u00a0&hellip;\n","protected":false},"author":2,"featured_media":102353,"comment_status":"","ping_status":"","sticky":false,"template":"","format":"standard","meta":{"footnotes":""},"categories":[12],"tags":[22,23,26,27,17,21,24,25,28,29,15,16,2906,18,34,154,31,33,32,30,19,20],"class_list":{"0":"post-102352","1":"post","2":"type-post","3":"status-publish","4":"format-standard","5":"has-post-thumbnail","7":"category-sverige","8":"tag-breaking-news","9":"tag-breakingnews","10":"tag-featured-news","11":"tag-featurednews","12":"tag-headlines","13":"tag-huvudnyheter","14":"tag-latest-news","15":"tag-latestnews","16":"tag-main-news","17":"tag-mainnews","18":"tag-news","19":"tag-nyheter","20":"tag-organization-s-kvinnor","21":"tag-rubriker","22":"tag-se","23":"tag-sections-sverige","24":"tag-svenska","25":"tag-sverige","26":"tag-sweden","27":"tag-swedish","28":"tag-top-stories","29":"tag-topstories"},"share_on_mastodon":{"url":"https:\/\/pubeurope.com\/@se\/115697611143892854","error":""},"_links":{"self":[{"href":"https:\/\/www.europesays.com\/se\/wp-json\/wp\/v2\/posts\/102352","targetHints":{"allow":["GET"]}}],"collection":[{"href":"https:\/\/www.europesays.com\/se\/wp-json\/wp\/v2\/posts"}],"about":[{"href":"https:\/\/www.europesays.com\/se\/wp-json\/wp\/v2\/types\/post"}],"author":[{"embeddable":true,"href":"https:\/\/www.europesays.com\/se\/wp-json\/wp\/v2\/users\/2"}],"replies":[{"embeddable":true,"href":"https:\/\/www.europesays.com\/se\/wp-json\/wp\/v2\/comments?post=102352"}],"version-history":[{"count":0,"href":"https:\/\/www.europesays.com\/se\/wp-json\/wp\/v2\/posts\/102352\/revisions"}],"wp:featuredmedia":[{"embeddable":true,"href":"https:\/\/www.europesays.com\/se\/wp-json\/wp\/v2\/media\/102353"}],"wp:attachment":[{"href":"https:\/\/www.europesays.com\/se\/wp-json\/wp\/v2\/media?parent=102352"}],"wp:term":[{"taxonomy":"category","embeddable":true,"href":"https:\/\/www.europesays.com\/se\/wp-json\/wp\/v2\/categories?post=102352"},{"taxonomy":"post_tag","embeddable":true,"href":"https:\/\/www.europesays.com\/se\/wp-json\/wp\/v2\/tags?post=102352"}],"curies":[{"name":"wp","href":"https:\/\/api.w.org\/{rel}","templated":true}]}}