{"id":102354,"date":"2025-12-10T22:25:07","date_gmt":"2025-12-10T22:25:07","guid":{"rendered":"https:\/\/www.europesays.com\/se\/102354\/"},"modified":"2025-12-10T22:25:07","modified_gmt":"2025-12-10T22:25:07","slug":"norrmannen-blasta-pa-haalands-mal-manskligt-fel-fotboll","status":"publish","type":"post","link":"https:\/\/www.europesays.com\/se\/102354\/","title":{"rendered":"Norrm\u00e4nnen bl\u00e5sta p\u00e5 Haalands m\u00e5l: \u201dM\u00e4nskligt fel\u201d | Fotboll"},"content":{"rendered":"<p>Publicerad 10 dec 2025 kl 22.15Uppdaterad kl 23.15<\/p>\n<p>Erling Haaland var s\u00e4kerheten sj\u00e4lv fr\u00e5n straffpunkten.<\/p>\n<p>Men hans landsm\u00e4n missade m\u00e5let \u2013 p\u00e5 grund av reklam.<\/p>\n<p>\u201dEtt m\u00e4nskligt fel\u201d, skriver programledaren Jon H B\u00f8rrestad p\u00e5 X.<\/p>\n<p><img   alt=\"\"\/> <\/p>\n<p>Foto: KIKO HUESCA \/ EPA EFE<\/p>\n<p>\u00d6ppna bild i helsk\u00e4rm<img loading=\"lazy\"   alt=\"\"\/> <\/p>\n<p>Foto: MANU FERNANDEZ \/ AP TT NYHETSBYR\u00c5N<\/p>\n<p>\u00d6ppna bild i helsk\u00e4rm<\/p>\n<p><a href=\"https:\/\/www.expressen.se\/tagg\/organization\/manchester-city\/\" class=\"\" rel=\"nofollow noopener\" target=\"_blank\">Manchester City<\/a> och dess store anfallsstj\u00e4rna, norrmannen Erling Haaland, fick en perfekt avslutning p\u00e5 den f\u00f6rsta halvleken i bortam\u00f6tet med Real Madrid. Efter VAR-koll vid st\u00e4llningen 1\u20131 pekade domaren p\u00e5 straffpunkten \u2013 och fram f\u00f6r att sl\u00e5 den stegade just Haaland.<\/p>\n<p>I hemlandet Norge hade nog m\u00e5nga suttit p\u00e5 helsp\u00e4nn i tv-sofforna. Om de bara hade f\u00e5tt se bilder fr\u00e5n arenan.<\/p>\n<p>Men i norska TV2 visades, under VAR-granskningen, i st\u00e4llet reklam \u2013 och n\u00e4r bilden \u00e5terv\u00e4nde hade Haaland redan rullat in 2\u20131 f\u00f6r City, rapporterar <a href=\"https:\/\/www.vg.no\/sport\/i\/M7gqWm\/tv-2-tabbe-menneskelig-feil\" rel=\"nofollow noopener\" target=\"_blank\">VG<\/a>.<\/p>\n<p>\u201dEtt m\u00e4nskligt fel\u201d, skrev programledaren Jon H B\u00f8rrestad, d\u00e5 han svarade en irriterad TV2-tittare p\u00e5 X.<\/p>\n<p>\u201dPersonen som stod f\u00f6r misstaget \u00e4r v\u00e4ldigt ledsen\u201d\u00a0<\/p>\n<p>TV2:s sportchef Vegard Jansen Hagen s\u00e4ger till VG att man gick tillbaka till livebilder fr\u00e5n matchen efter ett uppeh\u00e5ll p\u00e5 n\u00e4stan tv\u00e5 minuter.<\/p>\n<p>\u2013 H\u00e4r skedde ett m\u00e4nskligt misstag. Det skulle sj\u00e4lvklart inte ha skett och det \u00e4r bara att be om urs\u00e4kt till tittarna som naturligtvis reagerar. Personen som stod f\u00f6r misstaget \u00e4r v\u00e4ldigt ledsen, s\u00e5 det h\u00e4r var en d\u00e5lig upplevelse f\u00f6r alla parter, s\u00e4ger Jansen Hagen.<\/p>\n<p>Matchen slutade med seger f\u00f6r City, med 2\u20131. Norrm\u00e4nnen fick allts\u00e5 inte se n\u00e5gra m\u00e5l i andra halvlek heller.\u00a0<\/p>\n<p>Samtliga CL-resultat<\/p>\n<p>Qarabag \u2013 Ajax 2\u20134<\/p>\n<p>Villarreal \u2013 FC K\u00f6penhamn 2\u20133<\/p>\n<p>Athletic Bilbao \u2013 PSG 0\u20130<\/p>\n<p>Bayer Leverkusen \u2013 Newcastle 2\u20132<\/p>\n<p>Benfica \u2013 Napoli 2\u20130<\/p>\n<p>Club Brugge \u2013 Arsenal 0\u20133<\/p>\n<p>Dortmund \u2013 Bod\u00f8\/Glimt 2\u20132<\/p>\n<p>Juventus \u2013 Pafos 2\u20130<\/p>\n<p>Real Madrid \u2013 Manchester City 1\u20132<\/p>\n<p>Visa mer<a href=\"https:\/\/x.com\/TV2_Jon\/status\/1998857141596336524?s=20\" data-provider=\"twitter\" class=\"js-social-embed\" rel=\"nofollow\">https:\/\/x.com\/TV2_Jon\/status\/1998857141596336524?s=20<\/a><\/p>\n","protected":false},"excerpt":{"rendered":"Publicerad 10 dec 2025 kl 22.15Uppdaterad kl 23.15 Erling Haaland var s\u00e4kerheten sj\u00e4lv fr\u00e5n straffpunkten. Men hans landsm\u00e4n&hellip;\n","protected":false},"author":2,"featured_media":102355,"comment_status":"","ping_status":"","sticky":false,"template":"","format":"standard","meta":{"footnotes":""},"categories":[68],"tags":[2427,3411,3153,3112,34,129,111,110,31,33,32,30],"class_list":{"0":"post-102354","1":"post","2":"type-post","3":"status-publish","4":"format-standard","5":"has-post-thumbnail","7":"category-sport","8":"tag-organization-champions-league","9":"tag-organization-manchester-city","10":"tag-organization-real-madrid","11":"tag-person-erling-haaland","12":"tag-se","13":"tag-sections-fotboll","14":"tag-sport","15":"tag-sports","16":"tag-svenska","17":"tag-sverige","18":"tag-sweden","19":"tag-swedish"},"share_on_mastodon":{"url":"https:\/\/pubeurope.com\/@se\/115697622934716041","error":""},"_links":{"self":[{"href":"https:\/\/www.europesays.com\/se\/wp-json\/wp\/v2\/posts\/102354","targetHints":{"allow":["GET"]}}],"collection":[{"href":"https:\/\/www.europesays.com\/se\/wp-json\/wp\/v2\/posts"}],"about":[{"href":"https:\/\/www.europesays.com\/se\/wp-json\/wp\/v2\/types\/post"}],"author":[{"embeddable":true,"href":"https:\/\/www.europesays.com\/se\/wp-json\/wp\/v2\/users\/2"}],"replies":[{"embeddable":true,"href":"https:\/\/www.europesays.com\/se\/wp-json\/wp\/v2\/comments?post=102354"}],"version-history":[{"count":0,"href":"https:\/\/www.europesays.com\/se\/wp-json\/wp\/v2\/posts\/102354\/revisions"}],"wp:featuredmedia":[{"embeddable":true,"href":"https:\/\/www.europesays.com\/se\/wp-json\/wp\/v2\/media\/102355"}],"wp:attachment":[{"href":"https:\/\/www.europesays.com\/se\/wp-json\/wp\/v2\/media?parent=102354"}],"wp:term":[{"taxonomy":"category","embeddable":true,"href":"https:\/\/www.europesays.com\/se\/wp-json\/wp\/v2\/categories?post=102354"},{"taxonomy":"post_tag","embeddable":true,"href":"https:\/\/www.europesays.com\/se\/wp-json\/wp\/v2\/tags?post=102354"}],"curies":[{"name":"wp","href":"https:\/\/api.w.org\/{rel}","templated":true}]}}