{"id":102362,"date":"2025-12-10T22:40:08","date_gmt":"2025-12-10T22:40:08","guid":{"rendered":"https:\/\/www.europesays.com\/se\/102362\/"},"modified":"2025-12-10T22:40:08","modified_gmt":"2025-12-10T22:40:08","slug":"svenskt-vin-for-forsta-gangen-pa-nobelfesten","status":"publish","type":"post","link":"https:\/\/www.europesays.com\/se\/102362\/","title":{"rendered":"Svenskt vin f\u00f6r f\u00f6rsta g\u00e5ngen p\u00e5 Nobelfesten"},"content":{"rendered":"<p>Valet var b\u00e5de v\u00e4ntat och ov\u00e4ntat, enligt vinexperten Anders Melld\u00e9n, som po\u00e4ngterar att det tidigare serverats en svensk iscider, ett s\u00f6tt \u00e4ppelvin, till efterr\u00e4tten. <\/p>\n<p>\u2013 P\u00e5 matsidan har vi ju under ganska l\u00e5ng tid varit v\u00e4ldigt stolta \u00f6ver v\u00e5ra egna r\u00e5varor. Men p\u00e5 dryckessidan har vi inte gjort det tidigare. Det h\u00e4r \u00e4r en vinst f\u00f6r Sverige som vinland, helt klart. <\/p>\n","protected":false},"excerpt":{"rendered":"Valet var b\u00e5de v\u00e4ntat och ov\u00e4ntat, enligt vinexperten Anders Melld\u00e9n, som po\u00e4ngterar att det tidigare serverats en svensk&hellip;\n","protected":false},"author":2,"featured_media":102363,"comment_status":"","ping_status":"","sticky":false,"template":"","format":"standard","meta":{"footnotes":""},"categories":[5],"tags":[22,23,26,27,17,21,24,25,28,29,15,16,18,34,31,33,32,30,19,20],"class_list":{"0":"post-102362","1":"post","2":"type-post","3":"status-publish","4":"format-standard","5":"has-post-thumbnail","7":"category-rubriker","8":"tag-breaking-news","9":"tag-breakingnews","10":"tag-featured-news","11":"tag-featurednews","12":"tag-headlines","13":"tag-huvudnyheter","14":"tag-latest-news","15":"tag-latestnews","16":"tag-main-news","17":"tag-mainnews","18":"tag-news","19":"tag-nyheter","20":"tag-rubriker","21":"tag-se","22":"tag-svenska","23":"tag-sverige","24":"tag-sweden","25":"tag-swedish","26":"tag-top-stories","27":"tag-topstories"},"share_on_mastodon":{"url":"https:\/\/pubeurope.com\/@se\/115697681950569524","error":""},"_links":{"self":[{"href":"https:\/\/www.europesays.com\/se\/wp-json\/wp\/v2\/posts\/102362","targetHints":{"allow":["GET"]}}],"collection":[{"href":"https:\/\/www.europesays.com\/se\/wp-json\/wp\/v2\/posts"}],"about":[{"href":"https:\/\/www.europesays.com\/se\/wp-json\/wp\/v2\/types\/post"}],"author":[{"embeddable":true,"href":"https:\/\/www.europesays.com\/se\/wp-json\/wp\/v2\/users\/2"}],"replies":[{"embeddable":true,"href":"https:\/\/www.europesays.com\/se\/wp-json\/wp\/v2\/comments?post=102362"}],"version-history":[{"count":0,"href":"https:\/\/www.europesays.com\/se\/wp-json\/wp\/v2\/posts\/102362\/revisions"}],"wp:featuredmedia":[{"embeddable":true,"href":"https:\/\/www.europesays.com\/se\/wp-json\/wp\/v2\/media\/102363"}],"wp:attachment":[{"href":"https:\/\/www.europesays.com\/se\/wp-json\/wp\/v2\/media?parent=102362"}],"wp:term":[{"taxonomy":"category","embeddable":true,"href":"https:\/\/www.europesays.com\/se\/wp-json\/wp\/v2\/categories?post=102362"},{"taxonomy":"post_tag","embeddable":true,"href":"https:\/\/www.europesays.com\/se\/wp-json\/wp\/v2\/tags?post=102362"}],"curies":[{"name":"wp","href":"https:\/\/api.w.org\/{rel}","templated":true}]}}