{"id":102366,"date":"2025-12-10T22:49:15","date_gmt":"2025-12-10T22:49:15","guid":{"rendered":"https:\/\/www.europesays.com\/se\/102366\/"},"modified":"2025-12-10T22:49:15","modified_gmt":"2025-12-10T22:49:15","slug":"pristagarens-etikettsbrott-bredvid-victoria","status":"publish","type":"post","link":"https:\/\/www.europesays.com\/se\/102366\/","title":{"rendered":"Pristagarens etikettsbrott \u2013 bredvid Victoria"},"content":{"rendered":"<p>G\u00f6ran Persson tog upp mobilen n\u00e4r han hade kronprinsessan Victoria till bordet p\u00e5 Nobelfesten 2003.\u00a0<\/p>\n<p>Nu har det h\u00e4nt igen.\u00a0<\/p>\n<p>Se fr\u00e4cka etikettsbrottet p\u00e5 Nobelfesten.<img loading=\"lazy\"   alt=\"\"\/><\/p>\n<p>G\u00f6ran Persson svarade i telefon bredvid kronprinsessan Victoria 2003.<\/p>\n<p>Foto: JONAS EKSTROMER \/ TT NYHETSBYR\u00c5N<\/p>\n<p>\u00d6ppna bild i helsk\u00e4rm<img loading=\"lazy\"   alt=\"\"\/><\/p>\n<p>I \u00e5r var det kemipristagaren Susumu Kitagawa som sm\u00f6g upp mobilen bredvid kronprinsessan.<\/p>\n<p>Foto: SVT<\/p>\n<p>\u00d6ppna bild i helsk\u00e4rm<img loading=\"lazy\"   alt=\"\"\/><\/p>\n<p>Finansminister Elisabeth Svantesson kollade telefonen diskret under bordet.<\/p>\n<p>Foto: SVT<\/p>\n<p>\u00d6ppna bild i helsk\u00e4rm<\/p>\n<p>D\u00e5varande statsminister G\u00f6ran Persson v\u00e4ckte stor uppm\u00e4rksamhet 2003 d\u00e5 han svarade i telefon mitt under Nobelfesten. Till bordet hade han kronprinsessan Victoria.\u00a0<\/p>\n<p>Efter\u00e5t f\u00f6rsvarade Persson fad\u00e4sen med att samtalet handlade om EU:s nya grundlag. Han var helt enkelt tvungen att svara, h\u00e4vdade han.<\/p>\n<p>2017 var det dags igen.\u00a0<\/p>\n<p>D\u00e5 syntes d\u00e5varande statsminister Stefan L\u00f6fven smyga tillbaka mobilen i innerfickan.\u00a0<\/p>\n<p>Spola fram till 2025 och mobiler syns lite \u00f6verallt vid honn\u00f6rsbordet.\u00a0<\/p>\n<p>Den h\u00e4r g\u00e5ngen \u00e4r det kemipristagaren Susumu Kitagawa som inte kan l\u00e5ta bli mobilen. \u00c4ven han har kronprinsessan Victoria som bordsdam.\u00a0<\/p>\n<p>Men han var som sagt inte ensam med att bryta mot etiketten.\u00a0<\/p>\n<p>Nobelpristagaren i fysik John M. Martinis f\u00e5ngades ocks\u00e5 p\u00e5 bild med n\u00e4san i mobilen, liksom finansminister Elisabeth Svantesson som scrollade diskret under bordet.\u00a0<\/p>\n<p><img loading=\"lazy\"   alt=\"\"\/><\/p>\n<p>Nobelpristagaren i fysik John M. Martinis kollar mobilen under Nobelbanketten. Han har grevinnan Bettina Bernadotte af Wisborg till bordet.<\/p>\n<p>Foto: Christine Olsson\/TT \/ TT NYHETSBYR\u00c5N<\/p>\n<p>\u00d6ppna bild i helsk\u00e4rm<\/p>\n","protected":false},"excerpt":{"rendered":"G\u00f6ran Persson tog upp mobilen n\u00e4r han hade kronprinsessan Victoria till bordet p\u00e5 Nobelfesten 2003.\u00a0 Nu har det&hellip;\n","protected":false},"author":2,"featured_media":102367,"comment_status":"","ping_status":"","sticky":false,"template":"","format":"standard","meta":{"footnotes":""},"categories":[5],"tags":[22,23,26,27,17,21,24,25,28,29,15,11610,16,1022,11483,18,34,154,31,33,32,30,19,4072,20],"class_list":{"0":"post-102366","1":"post","2":"type-post","3":"status-publish","4":"format-standard","5":"has-post-thumbnail","7":"category-rubriker","8":"tag-breaking-news","9":"tag-breakingnews","10":"tag-featured-news","11":"tag-featurednews","12":"tag-headlines","13":"tag-huvudnyheter","14":"tag-latest-news","15":"tag-latestnews","16":"tag-main-news","17":"tag-mainnews","18":"tag-news","19":"tag-newsstory-nobelfesten-2025","20":"tag-nyheter","21":"tag-organization-nobelpriset","22":"tag-organization-nobelstiftelsen","23":"tag-rubriker","24":"tag-se","25":"tag-sections-sverige","26":"tag-svenska","27":"tag-sverige","28":"tag-sweden","29":"tag-swedish","30":"tag-top-stories","31":"tag-topic-gala-ceremoni","32":"tag-topstories"},"share_on_mastodon":{"url":"https:\/\/pubeurope.com\/@se\/115697717350018381","error":""},"_links":{"self":[{"href":"https:\/\/www.europesays.com\/se\/wp-json\/wp\/v2\/posts\/102366","targetHints":{"allow":["GET"]}}],"collection":[{"href":"https:\/\/www.europesays.com\/se\/wp-json\/wp\/v2\/posts"}],"about":[{"href":"https:\/\/www.europesays.com\/se\/wp-json\/wp\/v2\/types\/post"}],"author":[{"embeddable":true,"href":"https:\/\/www.europesays.com\/se\/wp-json\/wp\/v2\/users\/2"}],"replies":[{"embeddable":true,"href":"https:\/\/www.europesays.com\/se\/wp-json\/wp\/v2\/comments?post=102366"}],"version-history":[{"count":0,"href":"https:\/\/www.europesays.com\/se\/wp-json\/wp\/v2\/posts\/102366\/revisions"}],"wp:featuredmedia":[{"embeddable":true,"href":"https:\/\/www.europesays.com\/se\/wp-json\/wp\/v2\/media\/102367"}],"wp:attachment":[{"href":"https:\/\/www.europesays.com\/se\/wp-json\/wp\/v2\/media?parent=102366"}],"wp:term":[{"taxonomy":"category","embeddable":true,"href":"https:\/\/www.europesays.com\/se\/wp-json\/wp\/v2\/categories?post=102366"},{"taxonomy":"post_tag","embeddable":true,"href":"https:\/\/www.europesays.com\/se\/wp-json\/wp\/v2\/tags?post=102366"}],"curies":[{"name":"wp","href":"https:\/\/api.w.org\/{rel}","templated":true}]}}