{"id":102370,"date":"2025-12-10T22:57:12","date_gmt":"2025-12-10T22:57:12","guid":{"rendered":"https:\/\/www.europesays.com\/se\/102370\/"},"modified":"2025-12-10T22:57:12","modified_gmt":"2025-12-10T22:57:12","slug":"lulealanet-fick-chansen-som-forward-da-kom-forsta-malet","status":"publish","type":"post","link":"https:\/\/www.europesays.com\/se\/102370\/","title":{"rendered":"Lule\u00e5l\u00e5net fick chansen som forward &#8211; d\u00e5 kom f\u00f6rsta m\u00e5let"},"content":{"rendered":"<p><strong>Talangen har gjort 18 assist p\u00e5 24 matcher som back. N\u00e4r <a href=\"https:\/\/hockeysverige.se\/spelare\/oliwer-sjostrom\/\" rel=\"nofollow noopener\" target=\"_blank\">Oliwer Sj\u00f6str\u00f6m<\/a> fick chansen som forward i 4-0-segern mot AIK kom f\u00f6rsta m\u00e5let i seniorhockeyn.<\/strong><br \/><strong>\u2014 Nu kanske jag f\u00e5r forts\u00e4tta som forward \u00e4ven n\u00e4sta match\u2026, s\u00e4ger 18-\u00e5ringen till TV4 efter m\u00e5let.<\/strong><\/p>\n<p><img loading=\"lazy\" decoding=\"async\" width=\"1024\" height=\"658\" src=\"https:\/\/www.europesays.com\/se\/wp-content\/uploads\/2025\/12\/Oliwer-Sjostrom-1024x658.webp.webp\" alt=\"\" class=\"wp-image-335246\"  \/>Oliwer Sj\u00f6str\u00f6m fick chansen som forward och gjorde m\u00e5l direkt.<br \/>Foto: Daniel Eriksson \/ Bildbyr\u00e5n.<\/p>\n<p>Han har gjort succ\u00e9 p\u00e5 l\u00e5n i Hockeyallsvenskan och leder juniorernas po\u00e4ngliga i serien. Trots det blev det inget junior-VM f\u00f6r den h\u00e4r g\u00e5ngen. F\u00f6dd 2007 har han ju chansen \u00e4ven n\u00e4sta s\u00e4song. Samtidigt forts\u00e4tter det att rulla p\u00e5 i Bj\u00f6rkl\u00f6ven.<\/p>\n<p>Ume\u00e5g\u00e4nget har n\u00e5got av en forwardskris och d\u00e5 fick Oliwer Sj\u00f6str\u00f6m chansen som forward.<\/p>\n<p>Borta mot AIK passade ocks\u00e5 talangen d\u00e5 p\u00e5 att g\u00f6ra sitt f\u00f6rsta m\u00e5l i seniorhockeyn. P\u00e5 sin nya position tog han en \u00e5ktur i offensiv zon, v\u00e4ggpassade med Lucas Nords\u00e4ter innan ett tyst handledsskott hittade n\u00e4tet. M\u00e5let innebar 4-0 i en match d\u00e4r \u201dL\u00f6ven\u201d var hypereffektiva.<\/p>\n<p>\u2014 \u00c4ntligen, sk\u00f6nt att f\u00e5 in den. Nu kanske jag f\u00e5r forts\u00e4tta som forward \u00e4ven n\u00e4sta match. Jag ser Liam och Tella framf\u00f6r och jag ser en liten lucka och trycker den. Nu blev det m\u00e5l fr\u00e5n backposition \u00e4nd\u00e5, men det f\u00e5r vara. Det k\u00e4nns bra och jag f\u00f6rs\u00f6ker bara g\u00e5 ut och spela p\u00e5 instinkt. Jag tycker det \u00e4r mycket mer skridsko\u00e5kning som forward, fram och tillbaka. Det blir mycket mer n\u00e4r man ska forechecka, s\u00e4ger talangen till TV4.<\/p>\n<p>Trots stort skott\u00f6vertag f\u00f6r AIK hade Bj\u00f6rkl\u00f6ven ledningen med 4-0 efter tv\u00e5 perioder. En ledning som de h\u00f6ll hela matchen ut.<\/p>\n<p>M\u00e5lskyttar var Gustaf Possler, <a href=\"https:\/\/hockeysverige.se\/spelare\/jakob-ihs-wozniak\/\" rel=\"nofollow noopener\" target=\"_blank\">Jakob Ihs-Wozniak<\/a> och Jacob Olofsson.<\/p>\n","protected":false},"excerpt":{"rendered":"Talangen har gjort 18 assist p\u00e5 24 matcher som back. N\u00e4r Oliwer Sj\u00f6str\u00f6m fick chansen som forward i&hellip;\n","protected":false},"author":2,"featured_media":102371,"comment_status":"","ping_status":"","sticky":false,"template":"","format":"standard","meta":{"footnotes":""},"categories":[5],"tags":[22,23,26,27,17,621,21,24,25,28,29,15,16,18,34,31,33,32,30,19,379,20],"class_list":{"0":"post-102370","1":"post","2":"type-post","3":"status-publish","4":"format-standard","5":"has-post-thumbnail","7":"category-rubriker","8":"tag-breaking-news","9":"tag-breakingnews","10":"tag-featured-news","11":"tag-featurednews","12":"tag-headlines","13":"tag-hockeyallsvenskan","14":"tag-huvudnyheter","15":"tag-latest-news","16":"tag-latestnews","17":"tag-main-news","18":"tag-mainnews","19":"tag-news","20":"tag-nyheter","21":"tag-rubriker","22":"tag-se","23":"tag-svenska","24":"tag-sverige","25":"tag-sweden","26":"tag-swedish","27":"tag-top-stories","28":"tag-top-article","29":"tag-topstories"},"share_on_mastodon":{"url":"https:\/\/pubeurope.com\/@se\/115697748910620720","error":""},"_links":{"self":[{"href":"https:\/\/www.europesays.com\/se\/wp-json\/wp\/v2\/posts\/102370","targetHints":{"allow":["GET"]}}],"collection":[{"href":"https:\/\/www.europesays.com\/se\/wp-json\/wp\/v2\/posts"}],"about":[{"href":"https:\/\/www.europesays.com\/se\/wp-json\/wp\/v2\/types\/post"}],"author":[{"embeddable":true,"href":"https:\/\/www.europesays.com\/se\/wp-json\/wp\/v2\/users\/2"}],"replies":[{"embeddable":true,"href":"https:\/\/www.europesays.com\/se\/wp-json\/wp\/v2\/comments?post=102370"}],"version-history":[{"count":0,"href":"https:\/\/www.europesays.com\/se\/wp-json\/wp\/v2\/posts\/102370\/revisions"}],"wp:featuredmedia":[{"embeddable":true,"href":"https:\/\/www.europesays.com\/se\/wp-json\/wp\/v2\/media\/102371"}],"wp:attachment":[{"href":"https:\/\/www.europesays.com\/se\/wp-json\/wp\/v2\/media?parent=102370"}],"wp:term":[{"taxonomy":"category","embeddable":true,"href":"https:\/\/www.europesays.com\/se\/wp-json\/wp\/v2\/categories?post=102370"},{"taxonomy":"post_tag","embeddable":true,"href":"https:\/\/www.europesays.com\/se\/wp-json\/wp\/v2\/tags?post=102370"}],"curies":[{"name":"wp","href":"https:\/\/api.w.org\/{rel}","templated":true}]}}