{"id":102500,"date":"2025-12-11T05:44:42","date_gmt":"2025-12-11T05:44:42","guid":{"rendered":"https:\/\/www.europesays.com\/se\/102500\/"},"modified":"2025-12-11T05:44:42","modified_gmt":"2025-12-11T05:44:42","slug":"oliwer-sjostrom-gjorde-sitt-forsta-mal-pa-seniorniva","status":"publish","type":"post","link":"https:\/\/www.europesays.com\/se\/102500\/","title":{"rendered":"Oliwer Sj\u00f6str\u00f6m gjorde sitt f\u00f6rsta m\u00e5l p\u00e5 seniorniv\u00e5"},"content":{"rendered":"<p><img decoding=\"async\" class=\"image-asset hyperion-css-n6kkq1\" data-test-tag=\"image-asset\" src=\"https:\/\/www.europesays.com\/se\/wp-content\/uploads\/2025\/12\/6cf7400f-74c9-4ab6-a034-ac1de8f52c82\"  alt=\"\"  loading=\"lazy\" fetchpriority=\"auto\" style=\"aspect-ratio:1900 \/ 1900\"\/><img decoding=\"async\" class=\"image-asset hyperion-css-n6kkq1\" data-test-tag=\"image-asset\" src=\"https:\/\/www.europesays.com\/se\/wp-content\/uploads\/2025\/12\/1765431881_315_c79d8f99-4dae-4b51-877e-56b004edc21b\"  alt=\"\"  loading=\"lazy\" fetchpriority=\"auto\" style=\"aspect-ratio:1900 \/ 1900\"\/><\/p>\n<p class=\"boxtextgrotesk-root_baa6 hyperion-css-1w346fg\">Publicerad 2025-12-10 21.18<\/p>\n<p>share-arrowDela<\/p>\n<p>unsaveSpara<\/p>\n<p>Lyssna p\u00e5 artikelnLyssna p\u00e5&#8230;<\/p>\n<p>expand-left<\/p>\n<p>helsk\u00e4rm<img decoding=\"async\" class=\"image-asset hyperion-css-u06ts1\" data-test-tag=\"image-asset\" src=\"https:\/\/www.europesays.com\/se\/wp-content\/uploads\/2025\/12\/fd360b69-50e9-4b05-8acb-897e590b5ac5\"  alt=\"Oliwer Sj\u00f6str\u00f6m jublar \u00f6ver seniorkarri\u00e4rens f\u00f6rsta m\u00e5l.\"  loading=\"eager\" fetchpriority=\"high\" style=\"aspect-ratio:1900 \/ 1267\"\/>Oliwer Sj\u00f6str\u00f6m jublar \u00f6ver seniorkarri\u00e4rens f\u00f6rsta m\u00e5l. Foto: Michael Campanella \/ Bildbyr\u00e5n<\/p>\n<p class=\"hyperion-css-1shl3oz\" data-test-tag=\"lead-text\">Bj\u00f6rkl\u00f6ven h\u00f6ll tredje raka nollan och tog sj\u00e4tte raka segern i hockeyallsvenskan.<\/p>\n<p class=\"hyperion-css-1shl3oz\" data-test-tag=\"lead-text\">Oliwer Sj\u00f6str\u00f6m, 18, gjorde sitt f\u00f6rsta m\u00e5l p\u00e5 seniorniv\u00e5.<\/p>\n<p class=\"hyperion-css-1shl3oz\" data-test-tag=\"lead-text\">\u2013 En l\u00e4ttnad, s\u00e4ger han.<\/p>\n<p class=\"hyperion-css-1v9qo5x\">Bj\u00f6rkl\u00f6ven vann enkelt med 4\u20130 mot AIK p\u00e5 Hovet p\u00e5 onsdagskv\u00e4llen.<\/p>\n<p class=\"hyperion-css-1v9qo5x\">Efter 18 assist p\u00e5 24 matcher gjorde Lule\u00e5-l\u00e5net Oliwer Sj\u00f6str\u00f6m \u00e4ven sitt f\u00f6rsta m\u00e5l. Han har spelat back i inledningen av s\u00e4songen men kommenderades upp som forward av tr\u00e4naren Magnus Bogren mot AIK.<\/p>\n<p class=\"hyperion-css-1v9qo5x\">Sj\u00f6str\u00f6ms f\u00f6rsta m\u00e5l var matchens sista m\u00e5l.<\/p>\n<p class=\"hyperion-css-1v9qo5x\">\u2013 Jag s\u00e5g inte riktigt f\u00f6rst att den var inne, s\u00e5 jag var tvungen att kolla en extra g\u00e5ng. Sedan h\u00f6rde jag att det klingade och att folk b\u00f6rjade jubla. D\u00e5 var det bara att hoppa upp i sargen, s\u00e4ger Sj\u00f6str\u00f6m som ocks\u00e5 konstaterar:<\/p>\n<p class=\"hyperion-css-1v9qo5x\">\u2013 Sk\u00f6nt. Det var en l\u00e4ttnad.<\/p>\n<p class=\"hyperion-css-1v9qo5x\"><strong>Har det tyngt dig?<\/strong><\/p>\n<p class=\"hyperion-css-1v9qo5x\">\u2013 Ja det tycker jag. Jag har haft m\u00e5nga ramtr\u00e4ffar och f\u00f6rs\u00f6kt skjuta mer och mer f\u00f6r varje match som g\u00e5tt. I dag trillade den in, s\u00e5 det var riktigt sk\u00f6nt.<\/p>\n<p>Prisades av lagkamraterna<\/p>\n<p class=\"hyperion-css-1v9qo5x\">I omkl\u00e4dningsrummet fick Sj\u00f6str\u00f6m ta p\u00e5 sig \u201den riktigt ful tr\u00f6ja\u201d och en kungakrona.<\/p>\n<p class=\"hyperion-css-1v9qo5x\">\u2013 Jag fick faktiskt \u201dmatchens lirare\u201d. Det interna priset. Det var otroligt kul nu n\u00e4r jag fick kliva in som forward.<\/p>\n<p class=\"hyperion-css-1v9qo5x\"><strong>Hur bra \u00e4r Bj\u00f6rkl\u00f6ven just nu?<\/strong><\/p>\n<p class=\"hyperion-css-1v9qo5x\">\u2013 Riktigt bra, men det kommer komma dippar ocks\u00e5. Det g\u00e4ller att h\u00e5lla i det hela v\u00e4gen in, s\u00e5 har vi bra m\u00f6jlighet att g\u00e5 upp till SHL.<\/p>\n<p>\u201dStod p\u00e5 st\u00e5plats\u201d<\/p>\n<p class=\"hyperion-css-1v9qo5x\">Sj\u00f6str\u00f6m \u00e4r f\u00f6dd och uppvuxen i Ume\u00e5 men flyttade till Lule\u00e5 och gick hockeygymnasiet d\u00e4r.<\/p>\n<p class=\"hyperion-css-1v9qo5x\">\u2013 Jag \u00e4r otroligt n\u00f6jd med valet att g\u00e5 till allsvenskan den h\u00e4r s\u00e4songen och det \u00e4r extra stort att f\u00e5 spela inf\u00f6r hemmapubliken. Man stod p\u00e5 st\u00e5plats n\u00e4r man var liten, s\u00e5 det \u00e4r otroligt m\u00e4ktigt, s\u00e4ger Sj\u00f6str\u00f6m.<\/p>\n<p class=\"hyperion-css-1v9qo5x\">Han har bra koll p\u00e5 flera av Bj\u00f6rkl\u00f6vens klubblegendarer och hade stadens son Daniel Rahimi som idol n\u00e4r han var yngre. Han funderade ocks\u00e5 p\u00e5 att ta den tidigare m\u00e5lkungen Tore \u00d6qvists tr\u00f6jnummer inf\u00f6r s\u00e4songen.<\/p>\n<p class=\"hyperion-css-1v9qo5x\">\u2013 Jag t\u00e4nkte ta hans nummer f\u00f6rst, 27:an som jag hade i Lule\u00e5. Men jag t\u00e4nkte att jag f\u00e5r h\u00e5lla mig fr\u00e5n den. Jag skickade till Kentt\u00e4 (Per Kentt\u00e4, sportchef) att det f\u00e5r bli 26:an, s\u00e4ger Sj\u00f6str\u00f6m.<\/p>\n<p class=\"hyperion-css-1v9qo5x\">Bj\u00f6rkl\u00f6ven har visserligen en match mer spelad \u00e4n tabelltv\u00e5an Kalmar men \u201dL\u00f6ven\u201d leder hockeyallsvenskan med 14 po\u00e4ngs marginal.<\/p>\n<p>expand-left<\/p>\n<p>helsk\u00e4rm<img decoding=\"async\" class=\"image-asset hyperion-css-u06ts1\" data-test-tag=\"image-asset\" src=\"https:\/\/www.europesays.com\/se\/wp-content\/uploads\/2025\/12\/a3dd5263-14fa-4bf9-99ce-4aad6beb434c\"  alt=\"Bj\u00f6rkl\u00f6ven firar.\"  loading=\"eager\" fetchpriority=\"high\" style=\"aspect-ratio:1900 \/ 1267\"\/>Bj\u00f6rkl\u00f6ven firar. Foto: Michael Campanella \/ Bildbyr\u00e5nH\u00e4ndelserInb\u00f6rdes m\u00f6ten5 senasteTabell<\/p>\n<p>Arena: Hovet<\/p>\n<ul class=\"eventperiod-eventList_faaa\">\n<li class=\"eventrow-eventRow_630f\">\n<p>7&#8242;<\/p>\n<\/li>\n<li class=\"eventrow-eventRow_630f\">\n<p>9&#8242;<\/p>\n<\/li>\n<li class=\"eventrow-eventRow_630f\">\n<p>17&#8242;<\/p>\n<p>J. Mustonen <b>G. Possler\u00a0(0-1)\u00a0<\/b><\/p>\n<\/li>\n<\/ul>\n<ul class=\"eventperiod-eventList_faaa\">\n<li class=\"eventrow-eventRow_630f\">\n<p>21&#8242;<\/p>\n<p>L. Dower Nilsson <b>J. Ihs-Wozniak\u00a0(0-2)\u00a0<\/b><\/p>\n<\/li>\n<li class=\"eventrow-eventRow_630f\">\n<p>23&#8242;<\/p>\n<\/li>\n<li class=\"eventrow-eventRow_630f\">\n<p>25&#8242;<\/p>\n<p>J. Ihs-Wozniak <b>J. Olofsson\u00a0(0-3)\u00a0<\/b><\/p>\n<\/li>\n<li class=\"eventrow-eventRow_630f\">\n<p>36&#8242;<\/p>\n<p>L. Nords\u00e4ter <b>O. Sj\u00f6str\u00f6m\u00a0(0-4)\u00a0<\/b><\/p>\n<\/li>\n<\/ul>\n<p><a class=\"default eventsummary-followLink_0f93 hyperion-css-1u8qly9\" href=\"https:\/\/malservice.aftonbladet.se\/match\/_\/699080\/rapport\" target=\"_blank\" rel=\"noopener noreferrer nofollow\" data-test-tag=\"external-link\">L\u00e4s mer p\u00e5 M\u00e5lservicechevron-right<\/a><\/p>\n","protected":false},"excerpt":{"rendered":"Publicerad 2025-12-10 21.18 share-arrowDela unsaveSpara Lyssna p\u00e5 artikelnLyssna p\u00e5&#8230; expand-left helsk\u00e4rmOliwer Sj\u00f6str\u00f6m jublar \u00f6ver seniorkarri\u00e4rens f\u00f6rsta m\u00e5l. Foto:&hellip;\n","protected":false},"author":2,"featured_media":102501,"comment_status":"","ping_status":"","sticky":false,"template":"","format":"standard","meta":{"footnotes":""},"categories":[5],"tags":[22,23,26,27,17,21,24,25,28,29,15,16,18,34,31,33,32,30,19,20],"class_list":{"0":"post-102500","1":"post","2":"type-post","3":"status-publish","4":"format-standard","5":"has-post-thumbnail","7":"category-rubriker","8":"tag-breaking-news","9":"tag-breakingnews","10":"tag-featured-news","11":"tag-featurednews","12":"tag-headlines","13":"tag-huvudnyheter","14":"tag-latest-news","15":"tag-latestnews","16":"tag-main-news","17":"tag-mainnews","18":"tag-news","19":"tag-nyheter","20":"tag-rubriker","21":"tag-se","22":"tag-svenska","23":"tag-sverige","24":"tag-sweden","25":"tag-swedish","26":"tag-top-stories","27":"tag-topstories"},"share_on_mastodon":{"url":"https:\/\/pubeurope.com\/@se\/115699349496038003","error":""},"_links":{"self":[{"href":"https:\/\/www.europesays.com\/se\/wp-json\/wp\/v2\/posts\/102500","targetHints":{"allow":["GET"]}}],"collection":[{"href":"https:\/\/www.europesays.com\/se\/wp-json\/wp\/v2\/posts"}],"about":[{"href":"https:\/\/www.europesays.com\/se\/wp-json\/wp\/v2\/types\/post"}],"author":[{"embeddable":true,"href":"https:\/\/www.europesays.com\/se\/wp-json\/wp\/v2\/users\/2"}],"replies":[{"embeddable":true,"href":"https:\/\/www.europesays.com\/se\/wp-json\/wp\/v2\/comments?post=102500"}],"version-history":[{"count":0,"href":"https:\/\/www.europesays.com\/se\/wp-json\/wp\/v2\/posts\/102500\/revisions"}],"wp:featuredmedia":[{"embeddable":true,"href":"https:\/\/www.europesays.com\/se\/wp-json\/wp\/v2\/media\/102501"}],"wp:attachment":[{"href":"https:\/\/www.europesays.com\/se\/wp-json\/wp\/v2\/media?parent=102500"}],"wp:term":[{"taxonomy":"category","embeddable":true,"href":"https:\/\/www.europesays.com\/se\/wp-json\/wp\/v2\/categories?post=102500"},{"taxonomy":"post_tag","embeddable":true,"href":"https:\/\/www.europesays.com\/se\/wp-json\/wp\/v2\/tags?post=102500"}],"curies":[{"name":"wp","href":"https:\/\/api.w.org\/{rel}","templated":true}]}}