{"id":102504,"date":"2025-12-11T05:51:22","date_gmt":"2025-12-11T05:51:22","guid":{"rendered":"https:\/\/www.europesays.com\/se\/102504\/"},"modified":"2025-12-11T05:51:22","modified_gmt":"2025-12-11T05:51:22","slug":"svt-sapmi-tog-greta-thunbergs-och-aktivisternas-parti","status":"publish","type":"post","link":"https:\/\/www.europesays.com\/se\/102504\/","title":{"rendered":"SVT S\u00e1pmi tog Greta Thunbergs och aktivisternas parti"},"content":{"rendered":"<p>Publicerad 10 dec 2025 kl 18.00<\/p>\n<p>SVT S\u00e1pmi publicerar aktivistiska reportage med chefernas goda minne. Det \u00e4r uselt f\u00f6r public services trov\u00e4rdighet och ett tecken p\u00e5 omv\u00e4nd rasism.<\/p>\n<p><img   alt=\"\"\/><\/p>\n<p>Greta Thunberg deltog i stoppandet av avverkningen.<\/p>\n<p>Foto: NARDONE\/FOTOGRAMMA \/ STELLA PICTURES<\/p>\n<p>\u00d6ppna bild i helsk\u00e4rm<img loading=\"lazy\"   alt=\"\"\/><\/p>\n<p>SVT S\u00e1pmi vinklar \u2013 och cheferna reagerar inte.<\/p>\n<p>Foto: Jessica Gow \/ TT \/ TT NYHETSBYR\u00c5N<\/p>\n<p>\u00d6ppna bild i helsk\u00e4rm<\/p>\n<p>Under varje SVT-artikel st\u00e5r f\u00f6ljande: \u201dSVT:s nyheter ska st\u00e5 f\u00f6r saklighet och opartiskhet. Det vi publicerar ska vara sant och relevant.\u201d<\/p>\n<p>Men det finns tydligen undantag. N\u00e4r SVT <a href=\"https:\/\/www.expressen.se\/tagg\/location\/sapmi\/\" class=\"\" rel=\"nofollow noopener\" target=\"_blank\">S\u00e1pmi<\/a>, den samiskspr\u00e5kiga redaktionen, rapporterar om tvister kring skogsavverkning \u00e4r partiskhet ett aktivt val.<\/p>\n<p>Tidskriften <a href=\"https:\/\/www.fokus.se\/inrikes\/svt-reportern-som-kastades-under-vardegrundsbussen\/\" rel=\"nofollow noopener\" target=\"_blank\">Fokus <\/a>har synat fyra SVT-reportage om avverkningen av ett stycke skog v\u00e4st om Arjeplog \u2013 eller, mer exakt, om hur avverkningen avbr\u00f6ts av aktivister, bland dem Greta Thunberg.\u00a0<\/p>\n<p><strong>I inslagen fick aktivisternas perspektiv r\u00e5da n\u00e4rmast oinskr\u00e4nkt.\u00a0<\/strong><\/p>\n<p>Greta Thunberg <a href=\"https:\/\/www.svt.se\/nyheter\/sapmi\/nu-ansluter-greta-thunberg-till-protesterna-utanfor-arjeplog\" rel=\"nofollow noopener\" target=\"_blank\">sa till exempel<\/a> sammanbitet: \u201dVi borde respektera urfolkens r\u00e4tt att s\u00e4ga nej till att hugga ner de h\u00e4r skogarna.\u201d\u00a0<\/p>\n<p>Hon fick underst\u00f6d av SVT:s (!) <a href=\"https:\/\/www.svt.se\/nyheter\/sapmi\/samebyn-det-ar-ju-renstackarna-som-far-betala-priset\" rel=\"nofollow noopener\" target=\"_blank\">speaker-r\u00f6st<\/a>:<\/p>\n<p>\u201dSkogsbolaget SCA har avverkat viktig tallskog i Maskaure sameby. Detta trots att samebyn har motsatt sig det\u201d. \u00a0<\/p>\n<p>Men att samebyn har sagt nej \u00e4r juridiskt irrelevant. I sj\u00e4lva verket \u00e4gs skogen av en privatperson vars familj har brukat den i generationer. Mark\u00e4garen hade ocks\u00e5 samr\u00e5tt med samebyn och minskade avverkningsytan med h\u00e4nsyn till renn\u00e4ringen.\u00a0<\/p>\n<blockquote><p>Han vill inte l\u00e4gga sig i vad SVT S\u00e1pmi g\u00f6r. Eventuella fel f\u00e5r st\u00e5 f\u00f6r dem. Han vill inte p\u00e5verka deras publicering. Och s\u00e5 vidare.<\/p><\/blockquote>\n<p>Det var heller inga omistliga naturv\u00e4rden som stod p\u00e5 spel \u2013 det var d\u00e4rf\u00f6r som Skogsstyrelsen inte stoppat avverkningen. Men inget av detta framgick eftersom mark\u00e4garen inte fick komma till tals i SVT.<\/p>\n<p><strong>Hur kunde det bli s\u00e5 fel?\u00a0<\/strong><\/p>\n<p>N\u00e4r Tidskriften Fokus intervjuar S\u00e1pmis redaktionschef, Linda Hermansson, har hon ett h\u00e4pnadsv\u00e4ckande svar:\u00a0<\/p>\n<p>\u201dAtt mark\u00e4garens perspektiv inte \u00e5terges \u00e4r ett redaktionellt val helt i linje med hur vi brukar rapportera om liknande skogsavverkningsh\u00e4ndelser.\u201d<\/p>\n<p>S\u00e1pmi-reportagen publicerades ocks\u00e5 av SVT Norrbotten, eftersom mark\u00e4garen sj\u00e4lv \u00e4r anst\u00e4lld d\u00e4r.<\/p>\n<p>Men redaktionschefen d\u00e4r, Kristofer Naess, rycker h\u00f6rbart p\u00e5 axlarna n\u00e4r Fokus vill ha en kommentar om bristerna. Han vill inte l\u00e4gga sig i vad SVT S\u00e1pmi g\u00f6r. Eventuella fel f\u00e5r st\u00e5 f\u00f6r dem. Han vill inte p\u00e5verka deras publicering. Och s\u00e5 vidare.\u00a0<\/p>\n<p><strong>Rapporteringen om den stoppade skogsavverkningen \u00e4r tyv\u00e4rr inte den enda dikesk\u00f6rningen bland public service minoritetsredaktioner.\u00a0<\/strong><\/p>\n<p>Minns v\u00e5ren 2022 d\u00e5 Ebba Busch kommenterade p\u00e5skkravallerna med orden \u201dVarf\u00f6r har vi inte 100 skadade islamister?\u201d Det var grovt, men beskrivningen av uttalandet i Sveriges Radios somaliska redaktion var helt felaktigt: \u201dKD:s partiledare Ebba anklagar polisen f\u00f6r att de inte d\u00f6dade m\u00e5nga muslimer\u201d.<\/p>\n<p>I det sp\u00e4nda l\u00e4ge som r\u00e5dde i m\u00e5nga utanf\u00f6rskapsomr\u00e5den hade SR:s publicering kunnat f\u00e5 katastrofala f\u00f6ljder.\u00a0<\/p>\n<p>Det felet r\u00e4ttades \u00e5tminstone och \u00e5tg\u00e4rder vidtogs. Men m\u00f6nstret med partiska reportage \u00e4r tydligt ocks\u00e5 p\u00e5 Sveriges Radios romska redaktion.<\/p>\n<p>N\u00e4r den f\u00f6rra Expressen-journalisten Jenny Strindl\u00f6v kom ut med en bok om romani kris var det f\u00f6rfattaren som st\u00e4lldes mot v\u00e4ggen \u2013 inte de romska ledare som \u00e4gnar sig \u00e5t en parallell r\u00e4ttsskipning.<\/p>\n<p><strong>Att inte ha lika h\u00f6ga f\u00f6rv\u00e4ntningar p\u00e5 minoritetsredaktionerna som p\u00e5 de regulj\u00e4ra \u00e4r ett uttryck f\u00f6r omv\u00e4nd rasism och ett hot mot public services trov\u00e4rdighet.<\/strong><\/p>\n<p><strong>L\u00c4S MER: <\/strong><a href=\"https:\/\/www.expressen.se\/ledare\/karin-pihl\/nej-greta-thunberg--du-blev-inte-kidnappad\/\" class=\"\" rel=\"nofollow noopener\" target=\"_blank\">Nej, Greta Thunberg,  du blev inte kidnappad<\/a><a href=\"https:\/\/www.expressen.se\/nyhetsbrev\/\" title=\"Anm\u00e4l dig till ledarbrevet\" rel=\"nofollow noopener\" target=\"_blank\"><br \/>\n  <img decoding=\"async\" style=\"max-width:100%;display:block;\" src=\"https:\/\/www.europesays.com\/se\/wp-content\/uploads\/2025\/08\/640@60.jpg\"\/><br \/>\n<\/a><\/p>\n","protected":false},"excerpt":{"rendered":"Publicerad 10 dec 2025 kl 18.00 SVT S\u00e1pmi publicerar aktivistiska reportage med chefernas goda minne. Det \u00e4r uselt&hellip;\n","protected":false},"author":2,"featured_media":102505,"comment_status":"","ping_status":"","sticky":false,"template":"","format":"standard","meta":{"footnotes":""},"categories":[12],"tags":[22,23,26,27,17,21,24,25,8438,28,29,15,16,1226,18,34,31,33,32,30,19,20],"class_list":{"0":"post-102504","1":"post","2":"type-post","3":"status-publish","4":"format-standard","5":"has-post-thumbnail","7":"category-sverige","8":"tag-breaking-news","9":"tag-breakingnews","10":"tag-featured-news","11":"tag-featurednews","12":"tag-headlines","13":"tag-huvudnyheter","14":"tag-latest-news","15":"tag-latestnews","16":"tag-location-sapmi","17":"tag-main-news","18":"tag-mainnews","19":"tag-news","20":"tag-nyheter","21":"tag-person-greta-thunberg","22":"tag-rubriker","23":"tag-se","24":"tag-svenska","25":"tag-sverige","26":"tag-sweden","27":"tag-swedish","28":"tag-top-stories","29":"tag-topstories"},"share_on_mastodon":{"url":"https:\/\/pubeurope.com\/@se\/115699376801907212","error":""},"_links":{"self":[{"href":"https:\/\/www.europesays.com\/se\/wp-json\/wp\/v2\/posts\/102504","targetHints":{"allow":["GET"]}}],"collection":[{"href":"https:\/\/www.europesays.com\/se\/wp-json\/wp\/v2\/posts"}],"about":[{"href":"https:\/\/www.europesays.com\/se\/wp-json\/wp\/v2\/types\/post"}],"author":[{"embeddable":true,"href":"https:\/\/www.europesays.com\/se\/wp-json\/wp\/v2\/users\/2"}],"replies":[{"embeddable":true,"href":"https:\/\/www.europesays.com\/se\/wp-json\/wp\/v2\/comments?post=102504"}],"version-history":[{"count":0,"href":"https:\/\/www.europesays.com\/se\/wp-json\/wp\/v2\/posts\/102504\/revisions"}],"wp:featuredmedia":[{"embeddable":true,"href":"https:\/\/www.europesays.com\/se\/wp-json\/wp\/v2\/media\/102505"}],"wp:attachment":[{"href":"https:\/\/www.europesays.com\/se\/wp-json\/wp\/v2\/media?parent=102504"}],"wp:term":[{"taxonomy":"category","embeddable":true,"href":"https:\/\/www.europesays.com\/se\/wp-json\/wp\/v2\/categories?post=102504"},{"taxonomy":"post_tag","embeddable":true,"href":"https:\/\/www.europesays.com\/se\/wp-json\/wp\/v2\/tags?post=102504"}],"curies":[{"name":"wp","href":"https:\/\/api.w.org\/{rel}","templated":true}]}}