{"id":102506,"date":"2025-12-11T05:52:19","date_gmt":"2025-12-11T05:52:19","guid":{"rendered":"https:\/\/www.europesays.com\/se\/102506\/"},"modified":"2025-12-11T05:52:19","modified_gmt":"2025-12-11T05:52:19","slug":"snusvagen-bland-unga-planar-ut-anvandning-okar-inte-langre","status":"publish","type":"post","link":"https:\/\/www.europesays.com\/se\/102506\/","title":{"rendered":"Snusv\u00e5gen bland unga planar ut \u2013 anv\u00e4ndning \u00f6kar inte l\u00e4ngre"},"content":{"rendered":"<p>Anv\u00e4ndningen av snus, i huvudsak s\u00e5 kallat vitt nikotinsnus, har \u00f6kat kraftigt bland unga i Sverige sedan det vita snuset introducerades 2016.<\/p>\n<p>\u2013 Det har framf\u00f6r allt \u00f6kat bland flickor som inte tidigare snusat i stor utstr\u00e4ckning, d\u00e5 det bara fanns brunt tobakssnus att v\u00e4lja p\u00e5, s\u00e4ger Martina Zetterqvist p\u00e5 Centralf\u00f6rbundet f\u00f6r alkohol- och narkotikaupplysning, CAN.<\/p>\n","protected":false},"excerpt":{"rendered":"Anv\u00e4ndningen av snus, i huvudsak s\u00e5 kallat vitt nikotinsnus, har \u00f6kat kraftigt bland unga i Sverige sedan det&hellip;\n","protected":false},"author":2,"featured_media":102507,"comment_status":"","ping_status":"","sticky":false,"template":"","format":"standard","meta":{"footnotes":""},"categories":[5],"tags":[22,23,26,27,17,21,24,25,28,29,15,16,18,34,31,33,32,30,19,20],"class_list":{"0":"post-102506","1":"post","2":"type-post","3":"status-publish","4":"format-standard","5":"has-post-thumbnail","7":"category-rubriker","8":"tag-breaking-news","9":"tag-breakingnews","10":"tag-featured-news","11":"tag-featurednews","12":"tag-headlines","13":"tag-huvudnyheter","14":"tag-latest-news","15":"tag-latestnews","16":"tag-main-news","17":"tag-mainnews","18":"tag-news","19":"tag-nyheter","20":"tag-rubriker","21":"tag-se","22":"tag-svenska","23":"tag-sverige","24":"tag-sweden","25":"tag-swedish","26":"tag-top-stories","27":"tag-topstories"},"share_on_mastodon":{"url":"https:\/\/pubeurope.com\/@se\/115699380554795844","error":""},"_links":{"self":[{"href":"https:\/\/www.europesays.com\/se\/wp-json\/wp\/v2\/posts\/102506","targetHints":{"allow":["GET"]}}],"collection":[{"href":"https:\/\/www.europesays.com\/se\/wp-json\/wp\/v2\/posts"}],"about":[{"href":"https:\/\/www.europesays.com\/se\/wp-json\/wp\/v2\/types\/post"}],"author":[{"embeddable":true,"href":"https:\/\/www.europesays.com\/se\/wp-json\/wp\/v2\/users\/2"}],"replies":[{"embeddable":true,"href":"https:\/\/www.europesays.com\/se\/wp-json\/wp\/v2\/comments?post=102506"}],"version-history":[{"count":0,"href":"https:\/\/www.europesays.com\/se\/wp-json\/wp\/v2\/posts\/102506\/revisions"}],"wp:featuredmedia":[{"embeddable":true,"href":"https:\/\/www.europesays.com\/se\/wp-json\/wp\/v2\/media\/102507"}],"wp:attachment":[{"href":"https:\/\/www.europesays.com\/se\/wp-json\/wp\/v2\/media?parent=102506"}],"wp:term":[{"taxonomy":"category","embeddable":true,"href":"https:\/\/www.europesays.com\/se\/wp-json\/wp\/v2\/categories?post=102506"},{"taxonomy":"post_tag","embeddable":true,"href":"https:\/\/www.europesays.com\/se\/wp-json\/wp\/v2\/tags?post=102506"}],"curies":[{"name":"wp","href":"https:\/\/api.w.org\/{rel}","templated":true}]}}