{"id":102510,"date":"2025-12-11T05:59:18","date_gmt":"2025-12-11T05:59:18","guid":{"rendered":"https:\/\/www.europesays.com\/se\/102510\/"},"modified":"2025-12-11T05:59:18","modified_gmt":"2025-12-11T05:59:18","slug":"elever-fran-rodengymnasiet-deltar-vid-nobelprisutdelningen-norrtelje-tidning-2","status":"publish","type":"post","link":"https:\/\/www.europesays.com\/se\/102510\/","title":{"rendered":"Elever fr\u00e5n Rodengymnasiet deltar vid Nobelprisutdelningen \u2013 Norrtelje Tidning"},"content":{"rendered":"<p>F\u00f6r f\u00f6rsta g\u00e5ngen bjuds 100 gymnasieelever in till Nobelprisuttdelningen i Stockholm \u2013 och fem av dem kommer fr\u00e5n Norrt\u00e4lje.<\/p>\n<p>\u2013 Jag kunde knappt tro att det var sant, s\u00e4ger Ellen Helgesson, som \u00e4r en av de utvalda eleverna.<\/p>\n<p><img loading=\"lazy\" decoding=\"async\" width=\"980\" height=\"551\" class=\"article-image article-image--featured\" alt=\"Axel Gezelius, Denise Sandstr\u00f6m, Elvira Hemer och Alvin Nyman Arensborg har kl\u00e4tt upp sig fr\u00e5n topp till t\u00e5 inf\u00f6r kv\u00e4llens festligheter i Stockholm.\" src=\"https:\/\/www.europesays.com\/se\/wp-content\/uploads\/2025\/12\/1765432757_827_e7abb973-31f3-458c-84d1-a49cb12b368f.jpg\"  \/><a class=\"article__lightbox-link\" href=\"https:\/\/static.bonniernews.se\/ba\/e7abb973-31f3-458c-84d1-a49cb12b368f.jpg?crop=4209%2C2368%2Cx694%2Cy769&amp;width=1400&amp;format=pjpg&amp;auto=avif\" data-pswp-width=\"1400\" data-pswp-height=\"788\" data-pswp-caption=\"Axel Gezelius, Denise Sandstr\u00f6m, Elvira Hemer och Alvin Nyman Arensborg har kl\u00e4tt upp sig fr\u00e5n topp till t\u00e5 inf\u00f6r kv\u00e4llens festligheter i Stockholm. Bild: Ronja Norrbrink\" data-pswp- rel=\"nofollow noopener\" target=\"_blank\">\u00d6ppna bild i helsk\u00e4rmsl\u00e4ge<\/a><\/p>\n<p class=\"txt-style-muted\" aria-hidden=\"true\">Axel Gezelius, Denise Sandstr\u00f6m, Elvira Hemer och Alvin Nyman Arensborg har kl\u00e4tt upp sig fr\u00e5n topp till t\u00e5 inf\u00f6r kv\u00e4llens festligheter i Stockholm.<\/p>\n<p class=\"article__figcaption-attribution txt-style-muted\">Bild: Ronja Norrbrink<\/p>\n<p>Rodengymnasiet har i m\u00e5nga \u00e5r engagerat sina elever i Nobelprisuttdelningen via egna prisutdelningar och arrangemang i skolans lokaler. Men i \u00e5r v\u00e4ntar n\u00e5got extra. <\/p>\n<p>\u00c5tminstone f\u00f6r fem lyckligt utvalda elever, som under eftermiddagen f\u00e5r bege sig till Konserthuset i Stockholm f\u00f6r att vara med n\u00e4r \u00e5rets Nobelpristagare tar emot sina diplom och medaljer.<\/p>\n<p>\u2013  Jag kunde knappt tro att det var sant n\u00e4r jag fick veta att vi skulle f\u00e5 \u00e5ka. Det ska bli j\u00e4ttekul att bara f\u00e5 vara p\u00e5 plats och f\u00e5 se alla pristagare, s\u00e4ger Ellen Helgesson. <\/p>\n<p><img decoding=\"async\" width=\"640\" height=\"411\" class=\"article-image article-image--unbound\" alt=\"Ellen Helgesson inledde morgonen med att vinna ett pris i kemi under Naturprogrammets egen Nobelprisutdelning. \" src=\"https:\/\/www.europesays.com\/se\/wp-content\/uploads\/2025\/12\/1765432757_206_79627b2b-26b6-4d04-bfce-040324336666.jpg\"   loading=\"lazy\"\/><a class=\"article__lightbox-link\" href=\"https:\/\/static.bonniernews.se\/ba\/79627b2b-26b6-4d04-bfce-040324336666.jpg?width=1400&amp;format=pjpg&amp;auto=avif\" data-pswp-width=\"1400\" data-pswp-height=\"900\" data-pswp-caption=\"Ellen Helgesson inledde morgonen med att vinna ett pris i kemi under Naturprogrammets egen Nobelprisutdelning.  Bild: Ronja Norrbrink\" data-pswp- rel=\"nofollow noopener\" target=\"_blank\">\u00d6ppna bild i helsk\u00e4rmsl\u00e4ge<\/a><\/p>\n<p class=\"txt-style-muted\" aria-hidden=\"true\">Ellen Helgesson inledde morgonen med att vinna ett pris i kemi under Naturprogrammets egen Nobelprisutdelning. <\/p>\n<p class=\"article__figcaption-attribution txt-style-muted\">Bild: Ronja Norrbrink<\/p>\n<p aria-disabled=\"true\" class=\"ad__preamble ad-text txt-style-muted txt-ui txt-ui--strong txt-ui-2\">Annons<\/p>\n<p>Det \u00e4r f\u00f6rsta g\u00e5ngen som Nobelstiftelsen bjuder in elever till ceremonin. Bakgrunden till initiativet \u00e4r att fler unga ska f\u00e5 upp \u00f6gonen f\u00f6r vetenskapens v\u00e4rld och att inspirera till k\u00e4nslan av att kunskap och vetenskap ang\u00e5r dem.<\/p>\n<p aria-disabled=\"true\" class=\"ad__preamble ad-text txt-style-muted txt-ui txt-ui--strong txt-ui-2\">Annons<\/p>\n<p>\u2013  Nobelpriset handlar om att bel\u00f6na insatser som g\u00f6r v\u00e4rlden b\u00e4ttre. Genom att bjuda in unga vill vi visa att framtiden ligger i deras h\u00e4nder, s\u00e4ger Hanna Stj\u00e4rne, vd f\u00f6r Nobelstiftelsen i ett pressmeddelande.<\/p>\n<p>Men att en inbjudan skulle landa hos just Rodengymnasiet har eleverna sin engagerade l\u00e4rare Jeanette Lindh att tacka f\u00f6r. Hon har under m\u00e5nga \u00e5r deltagit p\u00e5 Nobelprismuseets aktiviteter och lektioner f\u00f6r l\u00e4rare samt gjort bes\u00f6k med flera skolklasser i olika sammanhang. <\/p>\n<p><img decoding=\"async\" width=\"640\" height=\"430\" class=\"article-image article-image--unbound\" alt=\"Jeanette Lindh \u00e4r l\u00e4rare i Kemi, Biologi, Naturkunskap och Musik \u2013 och undervisar alla fem elever i det sistn\u00e4mnda \u00e4mnet. \" src=\"https:\/\/www.europesays.com\/se\/wp-content\/uploads\/2025\/12\/1765432757_508_3b613afe-270d-49cd-8f9d-7c02801b76ed.jpg\"   loading=\"lazy\"\/><a class=\"article__lightbox-link\" href=\"https:\/\/static.bonniernews.se\/ba\/3b613afe-270d-49cd-8f9d-7c02801b76ed.jpg?width=1400&amp;format=pjpg&amp;auto=avif\" data-pswp-width=\"1400\" data-pswp-height=\"941\" data-pswp-caption=\"Jeanette Lindh \u00e4r l\u00e4rare i Kemi, Biologi, Naturkunskap och Musik \u2013 och undervisar alla fem elever i det sistn\u00e4mnda \u00e4mnet.  Bild: Ronja Norrbrink\" data-pswp- rel=\"nofollow noopener\" target=\"_blank\">\u00d6ppna bild i helsk\u00e4rmsl\u00e4ge<\/a><\/p>\n<p class=\"txt-style-muted\" aria-hidden=\"true\">Jeanette Lindh \u00e4r l\u00e4rare i Kemi, Biologi, Naturkunskap och Musik \u2013 och undervisar alla fem elever i det sistn\u00e4mnda \u00e4mnet. <\/p>\n<p class=\"article__figcaption-attribution txt-style-muted\">Bild: Ronja Norrbrink<\/p>\n<p>Som s\u00e5 m\u00e5nga g\u00e5nger f\u00f6rr anm\u00e4lde Jeanette sitt intresse f\u00f6r att tillsammans med en skolklass f\u00e5 delta vid tillk\u00e4nnagivandet av \u00e5rets pristagare. I \u00e5r gick just den turen till n\u00e5gon annan men Jeanette och hennes elever beh\u00f6vde inte g\u00e5 besvikna l\u00e4nge. <\/p>\n<p>\u2013 Jag fick ett mail d\u00e4r det stod tack f\u00f6r ditt visade intresse f\u00f6r att vara med p\u00e5 tillk\u00e4nnagivandet. Nu blev det tyv\u00e4rr inte s\u00e5, men vi kan erbjuda dig en biljett till Nobelprisutdelningen i Konserthuset, och du f\u00e5r ta med dig fem elever \u2013 bara s\u00e5 d\u00e4r. Helt fantastiskt, s\u00e4ger Jeanette.<\/p>\n<p><img decoding=\"async\" width=\"640\" height=\"420\" class=\"article-image article-image--unbound\" alt=\"\u201dDet k\u00e4nns j\u00e4tteh\u00e4ftigt,\u201d s\u00e4ger Alvin Nyman Arensborg (t.h)\" src=\"https:\/\/www.europesays.com\/se\/wp-content\/uploads\/2025\/12\/1765432758_794_ae14551e-714b-4ee1-a0d7-df72a336df0f.jpg\"   loading=\"lazy\"\/><a class=\"article__lightbox-link\" href=\"https:\/\/static.bonniernews.se\/ba\/ae14551e-714b-4ee1-a0d7-df72a336df0f.jpg?width=1400&amp;format=pjpg&amp;auto=avif\" data-pswp-width=\"1400\" data-pswp-height=\"919\" data-pswp-caption=\"\u201dDet k\u00e4nns j\u00e4tteh\u00e4ftigt,\u201d s\u00e4ger Alvin Nyman Arensborg (t.h) Bild: Ronja Norrbrink\" data-pswp- rel=\"nofollow noopener\" target=\"_blank\">\u00d6ppna bild i helsk\u00e4rmsl\u00e4ge<\/a><\/p>\n<p class=\"txt-style-muted\" aria-hidden=\"true\">\u201dDet k\u00e4nns j\u00e4tteh\u00e4ftigt,\u201d s\u00e4ger Alvin Nyman Arensborg (t.h)<\/p>\n<p class=\"article__figcaption-attribution txt-style-muted\">Bild: Ronja Norrbrink<\/p>\n<p aria-disabled=\"true\" class=\"ad__preamble ad-text txt-style-muted txt-ui txt-ui--strong txt-ui-2\">Annons<\/p>\n<p aria-disabled=\"true\" class=\"ad__preamble ad-text txt-style-muted txt-ui txt-ui--strong txt-ui-2\">Annons<\/p>\n<p><img decoding=\"async\" width=\"640\" height=\"414\" class=\"article-image article-image--unbound\" alt=\"\u201dJag har f\u00e5tt dem att lova att bjuda in mig n\u00e4r det blir dags f\u00f6r dem att ta emot nobelpriset och h\u00e5lla tal sj\u00e4lva om n\u00e5gra \u00e5r,\u201d s\u00e4ger Jeanette Lindh och skrattar.\" src=\"https:\/\/www.europesays.com\/se\/wp-content\/uploads\/2025\/12\/1765432758_247_04fc9e34-faf3-4184-b159-64aea5b4fb3b.jpg\"   loading=\"lazy\"\/><a class=\"article__lightbox-link\" href=\"https:\/\/static.bonniernews.se\/ba\/04fc9e34-faf3-4184-b159-64aea5b4fb3b.jpg?width=1400&amp;format=pjpg&amp;auto=avif\" data-pswp-width=\"1400\" data-pswp-height=\"905\" data-pswp-caption=\"\u201dJag har f\u00e5tt dem att lova att bjuda in mig n\u00e4r det blir dags f\u00f6r dem att ta emot nobelpriset och h\u00e5lla tal sj\u00e4lva om n\u00e5gra \u00e5r,\u201d s\u00e4ger Jeanette Lindh och skrattar. Bild: Ronja Norrbrink\" data-pswp- rel=\"nofollow noopener\" target=\"_blank\">\u00d6ppna bild i helsk\u00e4rmsl\u00e4ge<\/a><\/p>\n<p class=\"txt-style-muted\" aria-hidden=\"true\">\u201dJag har f\u00e5tt dem att lova att bjuda in mig n\u00e4r det blir dags f\u00f6r dem att ta emot nobelpriset och h\u00e5lla tal sj\u00e4lva om n\u00e5gra \u00e5r,\u201d s\u00e4ger Jeanette Lindh och skrattar.<\/p>\n<p class=\"article__figcaption-attribution txt-style-muted\">Bild: Ronja Norrbrink<\/p>\n<p>Tillsammans med rektor Marie Stoltz har Jeanette valt ut fem av sina elever fr\u00e5n olika klasser som alla visat ett intresse, f\u00f6rst\u00e5else och framf\u00f6rallt nyfikenhet under de naturvetenskapliga lektionerna.<\/p>\n<p>Redan p\u00e5 morgonen har eleverna gjort sig redo f\u00f6r kv\u00e4llens festligheter med l\u00e5nga kl\u00e4nningar, skjorta och kavaj. F\u00f6r efter lunch b\u00e4r det av mot huvudstaden och Konserthuset. <\/p>\n<p>\u2013 Det \u00e4r klart att man som svensk \u00e4r v\u00e4ldigt stolt \u00f6ver att Nobel \u00e4r en del av v\u00e5rt arv. \u00c4ven om jag inte alltid har l\u00e4st p\u00e5 om exakt vad priserna har inneburit s\u00e5 har jag \u00e4nd\u00e5 f\u00f6rs\u00f6kt h\u00e5lla lite koll. Och jag kan s\u00e4ga att jag sj\u00e4lv \u00e4r v\u00e4ldigt intresserad av naturvetenskap och de framsteg som g\u00f6rs, s\u00e4ger Axel Gezelius.<\/p>\n<p>Inf\u00f6r den stora dagen har de haft extra lektioner och l\u00e4st p\u00e5 om \u00e5rets pristagare.<\/p>\n<p>\u2013 Jag tyckte att priset i litteratur stack ut lite med hans s\u00e4tt att skriva p\u00e5. Han har skrivit en hel bok p\u00e5 300 sidor med bara en punkt. Det var sp\u00e4nnande att h\u00f6ra mer om tyckte jag, s\u00e4ger Denise Sandstr\u00f6m.<\/p>\n<p><strong>Vad ser ni mest fram emot?<\/strong><\/p>\n<p>\u2013 Ja, det \u00e4r sv\u00e5rt att s\u00e4ga allt ska bli roligt. Bara att f\u00e5 se dem som har vunnit, hur de reagerar och att f\u00e5 vara p\u00e5 plats, s\u00e4ger Elvira Hemer.<\/p>\n<p>H\u00e5lltider under Nobeldagen <\/p>\n<p><strong>S\u00e5 s\u00e4nder SVT:<\/strong><\/p>\n<p>Alla s\u00e4ndningar finns <a class=\"article__content-link\" href=\"https:\/\/www.svtplay.se\/kategori\/nobelpriset\" rel=\"nofollow noopener\" target=\"_blank\">h\u00e4r<\/a> p\u00e5 SVT Play.<\/p>\n<p><strong>12.50<\/strong>: Fredspriset delas ut i Oslo. S\u00e4nds 12.50-ca14.15 i SVT1\/Play. Ceremonin startar 13.00. Kommentator Katia Elliott.<\/p>\n<p><strong>15.55<\/strong>: Prisutdelning i Konserthuset. S\u00e4nds 15.55-17.30 i SVT1\/Play. Ceremonin startar 16.00. Programledare: Ted Wigren. Kommentator internationella s\u00e4ndningen: Alexander Nor\u00e9n.<\/p>\n<p><strong>18.00<\/strong>: Inf\u00f6r banketten. S\u00e4nds 18-19 i SVT2\/Play. Programledare Alex Letic och Pernilla M\u00e5nsson Colt.<\/p>\n<p><strong>19.00<\/strong>: Nobelbanketten. S\u00e4nds 19-20 i SVT2\/Play och 20.00-ca 23.40 i SVT1\/Play. Programledare Jessika Gedin, Victoria Dyring, Pernilla M\u00e5nsson Colt. Kommentator Cecilia Gralde tillsammans med Gustav K\u00e4llstrand, nobelexpert.<\/p>\n<p>K\u00e4lla: <a class=\"article__content-link\" href=\"https:\/\/www.svt.se\/nyheter\/inrikes\/allt-om-nobel-2025-en-guide\" rel=\"nofollow noopener\" target=\"_blank\">Svt Nyheter<\/a><\/p>\n","protected":false},"excerpt":{"rendered":"F\u00f6r f\u00f6rsta g\u00e5ngen bjuds 100 gymnasieelever in till Nobelprisuttdelningen i Stockholm \u2013 och fem av dem kommer fr\u00e5n&hellip;\n","protected":false},"author":2,"featured_media":102314,"comment_status":"","ping_status":"","sticky":false,"template":"","format":"standard","meta":{"footnotes":""},"categories":[12],"tags":[22,23,26,27,17,21,24,25,28,29,15,16,18,34,31,33,32,30,19,20],"class_list":{"0":"post-102510","1":"post","2":"type-post","3":"status-publish","4":"format-standard","5":"has-post-thumbnail","7":"category-sverige","8":"tag-breaking-news","9":"tag-breakingnews","10":"tag-featured-news","11":"tag-featurednews","12":"tag-headlines","13":"tag-huvudnyheter","14":"tag-latest-news","15":"tag-latestnews","16":"tag-main-news","17":"tag-mainnews","18":"tag-news","19":"tag-nyheter","20":"tag-rubriker","21":"tag-se","22":"tag-svenska","23":"tag-sverige","24":"tag-sweden","25":"tag-swedish","26":"tag-top-stories","27":"tag-topstories"},"share_on_mastodon":{"url":"https:\/\/pubeurope.com\/@se\/115699408766161851","error":""},"_links":{"self":[{"href":"https:\/\/www.europesays.com\/se\/wp-json\/wp\/v2\/posts\/102510","targetHints":{"allow":["GET"]}}],"collection":[{"href":"https:\/\/www.europesays.com\/se\/wp-json\/wp\/v2\/posts"}],"about":[{"href":"https:\/\/www.europesays.com\/se\/wp-json\/wp\/v2\/types\/post"}],"author":[{"embeddable":true,"href":"https:\/\/www.europesays.com\/se\/wp-json\/wp\/v2\/users\/2"}],"replies":[{"embeddable":true,"href":"https:\/\/www.europesays.com\/se\/wp-json\/wp\/v2\/comments?post=102510"}],"version-history":[{"count":0,"href":"https:\/\/www.europesays.com\/se\/wp-json\/wp\/v2\/posts\/102510\/revisions"}],"wp:featuredmedia":[{"embeddable":true,"href":"https:\/\/www.europesays.com\/se\/wp-json\/wp\/v2\/media\/102314"}],"wp:attachment":[{"href":"https:\/\/www.europesays.com\/se\/wp-json\/wp\/v2\/media?parent=102510"}],"wp:term":[{"taxonomy":"category","embeddable":true,"href":"https:\/\/www.europesays.com\/se\/wp-json\/wp\/v2\/categories?post=102510"},{"taxonomy":"post_tag","embeddable":true,"href":"https:\/\/www.europesays.com\/se\/wp-json\/wp\/v2\/tags?post=102510"}],"curies":[{"name":"wp","href":"https:\/\/api.w.org\/{rel}","templated":true}]}}