{"id":102513,"date":"2025-12-11T06:09:07","date_gmt":"2025-12-11T06:09:07","guid":{"rendered":"https:\/\/www.europesays.com\/se\/102513\/"},"modified":"2025-12-11T06:09:07","modified_gmt":"2025-12-11T06:09:07","slug":"fairphone-slapper-uppgraderad-variant-av-sina-hallbara-horlurar","status":"publish","type":"post","link":"https:\/\/www.europesays.com\/se\/102513\/","title":{"rendered":"Fairphone sl\u00e4pper uppgraderad variant av sina h\u00e5llbara h\u00f6rlurar"},"content":{"rendered":"<p>Fairphone lanserar nu en uppgraderad version av sina h\u00e5llbara over-ear-h\u00f6rlurar Fairbuds XL. De nya h\u00f6rlurarna bygger vidare p\u00e5 2023 \u00e5rs modell och forts\u00e4tter att s\u00e4tta l\u00e5ng livsl\u00e4ngd och reparerbarhet i fokus. <\/p>\n<p>Anv\u00e4ndare kan sj\u00e4lva byta bland annat batteri, \u00f6ronkuddar, h\u00f6gtalarelement och huvudband med enkla verktyg. Lurarna \u00e4r dessutom tillverkade av \u00e5tervunnet och etiskt framtaget material och levereras i en minimalistisk f\u00f6rpackning f\u00f6r att minska milj\u00f6p\u00e5verkan.<\/p>\n<p>\u00c5rets version f\u00e5r f\u00f6rb\u00e4ttrade 40 mm-element med fylligare bas, nya \u00f6ronkuddar i mesh f\u00f6r b\u00e4ttre komfort samt n\u00e5gra finjusterade designdetaljer. Batteritiden ligger p\u00e5 upp till 30 timmar, eller n\u00e5got kortare med aktiv brusreducering aktiverad. Det g\u00e5r \u00e4ven att lyssna via kabel genom USB-C. En 3,5 mm-adapter s\u00e4ljs separat.<\/p>\n<p>Den uppdaterade Fairbuds XL-modellen finns i svart och skogsgr\u00f6nt och kostar 249 euro, motsvarande cirka 2 700 kronor.<\/p>\n","protected":false},"excerpt":{"rendered":"Fairphone lanserar nu en uppgraderad version av sina h\u00e5llbara over-ear-h\u00f6rlurar Fairbuds XL. De nya h\u00f6rlurarna bygger vidare p\u00e5&hellip;\n","protected":false},"author":2,"featured_media":102514,"comment_status":"","ping_status":"","sticky":false,"template":"","format":"standard","meta":{"footnotes":""},"categories":[66],"tags":[80,78,79,34,31,33,32,30,81,84,83,82],"class_list":{"0":"post-102513","1":"post","2":"type-post","3":"status-publish","4":"format-standard","5":"has-post-thumbnail","7":"category-vetenskap-och-teknik","8":"tag-science","9":"tag-science-and-technology","10":"tag-scienceandtechnology","11":"tag-se","12":"tag-svenska","13":"tag-sverige","14":"tag-sweden","15":"tag-swedish","16":"tag-technology","17":"tag-teknik","18":"tag-vetenskap","19":"tag-vetenskapteknik"},"share_on_mastodon":{"url":"https:\/\/pubeurope.com\/@se\/115699447580333723","error":""},"_links":{"self":[{"href":"https:\/\/www.europesays.com\/se\/wp-json\/wp\/v2\/posts\/102513","targetHints":{"allow":["GET"]}}],"collection":[{"href":"https:\/\/www.europesays.com\/se\/wp-json\/wp\/v2\/posts"}],"about":[{"href":"https:\/\/www.europesays.com\/se\/wp-json\/wp\/v2\/types\/post"}],"author":[{"embeddable":true,"href":"https:\/\/www.europesays.com\/se\/wp-json\/wp\/v2\/users\/2"}],"replies":[{"embeddable":true,"href":"https:\/\/www.europesays.com\/se\/wp-json\/wp\/v2\/comments?post=102513"}],"version-history":[{"count":0,"href":"https:\/\/www.europesays.com\/se\/wp-json\/wp\/v2\/posts\/102513\/revisions"}],"wp:featuredmedia":[{"embeddable":true,"href":"https:\/\/www.europesays.com\/se\/wp-json\/wp\/v2\/media\/102514"}],"wp:attachment":[{"href":"https:\/\/www.europesays.com\/se\/wp-json\/wp\/v2\/media?parent=102513"}],"wp:term":[{"taxonomy":"category","embeddable":true,"href":"https:\/\/www.europesays.com\/se\/wp-json\/wp\/v2\/categories?post=102513"},{"taxonomy":"post_tag","embeddable":true,"href":"https:\/\/www.europesays.com\/se\/wp-json\/wp\/v2\/tags?post=102513"}],"curies":[{"name":"wp","href":"https:\/\/api.w.org\/{rel}","templated":true}]}}