{"id":102515,"date":"2025-12-11T06:10:08","date_gmt":"2025-12-11T06:10:08","guid":{"rendered":"https:\/\/www.europesays.com\/se\/102515\/"},"modified":"2025-12-11T06:10:08","modified_gmt":"2025-12-11T06:10:08","slug":"dadgostar-bytte-klanning-i-sista-stund","status":"publish","type":"post","link":"https:\/\/www.europesays.com\/se\/102515\/","title":{"rendered":"Dadgostar bytte kl\u00e4nning i sista stund"},"content":{"rendered":"<p>Tanken var att Nooshi Dadgostar skulle b\u00e4ra en gul kl\u00e4nning med ett speciellt budskap p\u00e5 Nobelfesten.\u00a0<\/p>\n<p>Men i sista stund bytte V-ledaren till en r\u00f6d kl\u00e4nning.\u00a0<\/p>\n<p>Servit\u00f6ren visar tabben fr\u00e5n 2018.<img loading=\"lazy\"   alt=\"\"\/><\/p>\n<p>Nooshi Dadgostar under Nobelfesten.<\/p>\n<p>Foto: Christine Olsson\/TT \/ TT NYHETSBYR\u00c5N<\/p>\n<p>\u00d6ppna bild i helsk\u00e4rm<img loading=\"lazy\"   alt=\"\"\/><\/p>\n<p>Nooshi Dadgostar och sambon Martin Westergren.<\/p>\n<p>Foto: Christine Olsson\/TT \/ TT NYHETSBYR\u00c5N<\/p>\n<p>\u00d6ppna bild i helsk\u00e4rm<\/p>\n<p><a href=\"https:\/\/www.expressen.se\/tagg\/person\/nooshi-dadgostar\/\" class=\"\" rel=\"nofollow noopener\" target=\"_blank\">Nooshi Dadgostar<\/a> kom i s\u00e4llskap med sambon Martin Westergren till onsdagens Nobelfestligheter.<\/p>\n<p>V\u00e4nsterpartiets partiledare bar dagen till \u00e4ra en r\u00f6d kl\u00e4nning designad av Viktorya Abraham.<\/p>\n<p>Men enligt Expressens uppgifter var tanken att Dadgostar skulle b\u00e4ra en helt annan kl\u00e4nning.\u00a0<\/p>\n<p>En neongul kl\u00e4nning ska ha sytts upp till V-ledaren. Den ska ocks\u00e5 ha inneh\u00e5llit ett v\u00e4rdebaserat budskap.\u00a0<\/p>\n<p>Men i sista stund valde Nooshi Dadgostar att byta till en r\u00f6d kl\u00e4nning.<\/p>\n<p><img loading=\"lazy\"   alt=\"\"\/><\/p>\n<p>Nooshi Dadgostar tillsammans med Lars Heikensten och Per W\u00e4stberg under Nobelbanketten.<\/p>\n<p>Foto: Christine Olsson\/TT \/ TT NYHETSBYR\u00c5N<\/p>\n<p>\u00d6ppna bild i helsk\u00e4rmV\u00e4nsterpartiet: \u201d\u00c4ndrade planer\u201d<\/p>\n<p>V\u00e4nsterpartiet bekr\u00e4ftade p\u00e5 onsdagskv\u00e4llen att Nooshi Dadgostar gjort ett sent kl\u00e4dbyte inf\u00f6r Nobelfesten.\u00a0<\/p>\n<p>\u2013 Det blev \u00e4ndrade planer helt enkelt. Hon b\u00e4r en r\u00f6d kl\u00e4nning fr\u00e5n Viktorya Abraham i kv\u00e4ll, skriver Agnes Stuber p\u00e5 V\u00e4nsterpartiets pressavdelning i ett sms till Expressen.\u00a0<\/p>\n<p>Expressen har varit i kontakt med designern av den gula kl\u00e4nningen. Designern h\u00e4nvisar alla fr\u00e5gor om kl\u00e4nningsbytet till V\u00e4nsterpartiet.\u00a0<\/p>\n","protected":false},"excerpt":{"rendered":"Tanken var att Nooshi Dadgostar skulle b\u00e4ra en gul kl\u00e4nning med ett speciellt budskap p\u00e5 Nobelfesten.\u00a0 Men i&hellip;\n","protected":false},"author":2,"featured_media":102516,"comment_status":"","ping_status":"","sticky":false,"template":"","format":"standard","meta":{"footnotes":""},"categories":[65],"tags":[72,70,71,11610,1022,1501,34,154,31,33,32,30,4072],"class_list":{"0":"post-102515","1":"post","2":"type-post","3":"status-publish","4":"format-standard","5":"has-post-thumbnail","7":"category-ekonomi","8":"tag-business","9":"tag-economy","10":"tag-ekonomi","11":"tag-newsstory-nobelfesten-2025","12":"tag-organization-nobelpriset","13":"tag-person-nooshi-dadgostar","14":"tag-se","15":"tag-sections-sverige","16":"tag-svenska","17":"tag-sverige","18":"tag-sweden","19":"tag-swedish","20":"tag-topic-gala-ceremoni"},"share_on_mastodon":{"url":"https:\/\/pubeurope.com\/@se\/115699451427205340","error":""},"_links":{"self":[{"href":"https:\/\/www.europesays.com\/se\/wp-json\/wp\/v2\/posts\/102515","targetHints":{"allow":["GET"]}}],"collection":[{"href":"https:\/\/www.europesays.com\/se\/wp-json\/wp\/v2\/posts"}],"about":[{"href":"https:\/\/www.europesays.com\/se\/wp-json\/wp\/v2\/types\/post"}],"author":[{"embeddable":true,"href":"https:\/\/www.europesays.com\/se\/wp-json\/wp\/v2\/users\/2"}],"replies":[{"embeddable":true,"href":"https:\/\/www.europesays.com\/se\/wp-json\/wp\/v2\/comments?post=102515"}],"version-history":[{"count":0,"href":"https:\/\/www.europesays.com\/se\/wp-json\/wp\/v2\/posts\/102515\/revisions"}],"wp:featuredmedia":[{"embeddable":true,"href":"https:\/\/www.europesays.com\/se\/wp-json\/wp\/v2\/media\/102516"}],"wp:attachment":[{"href":"https:\/\/www.europesays.com\/se\/wp-json\/wp\/v2\/media?parent=102515"}],"wp:term":[{"taxonomy":"category","embeddable":true,"href":"https:\/\/www.europesays.com\/se\/wp-json\/wp\/v2\/categories?post=102515"},{"taxonomy":"post_tag","embeddable":true,"href":"https:\/\/www.europesays.com\/se\/wp-json\/wp\/v2\/tags?post=102515"}],"curies":[{"name":"wp","href":"https:\/\/api.w.org\/{rel}","templated":true}]}}