{"id":102517,"date":"2025-12-11T06:12:23","date_gmt":"2025-12-11T06:12:23","guid":{"rendered":"https:\/\/www.europesays.com\/se\/102517\/"},"modified":"2025-12-11T06:12:23","modified_gmt":"2025-12-11T06:12:23","slug":"hot-mot-guldkroksskolan-i-hjo-skolan-haller-oppet-med-lasta-dorrar","status":"publish","type":"post","link":"https:\/\/www.europesays.com\/se\/102517\/","title":{"rendered":"Hot mot Guldkroksskolan i Hjo \u2013 skolan h\u00e5ller \u00f6ppet med l\u00e5sta d\u00f6rrar"},"content":{"rendered":"<p>Hjo kommun har tillsammans med polis och skolans rektorer beslutat att Guldkroksskolan ska vara \u00f6ppen, \u00e4ven efter att den utsatts f\u00f6r hot om skolskjutning. <\/p>\n<p>L\u00e5sta klassrum och st\u00f6dsamtal <\/p>\n<p>Skolan skriver p\u00e5 sin hemsida att man vidtagit flera trygghets- och s\u00e4kerhets\u00e5tg\u00e4rder. Bland annat kommer elever i \u00e5rskurs 7-9 att ha l\u00e5sta klassrum och grupprum. F\u00f6r elever i \u00e5rskurs F-6 kommer alla lokaler att vara st\u00e4ngda utifr\u00e5n efter klockan 07.45 och elevernas raster kommer att h\u00e5llas inomhus.<\/p>\n<p>Ut\u00f6ver detta kommer elevh\u00e4lsan att finnas p\u00e5 plats tillsammans med polis f\u00f6r att st\u00f6tta elever som k\u00e4nner oro. <\/p>\n","protected":false},"excerpt":{"rendered":"Hjo kommun har tillsammans med polis och skolans rektorer beslutat att Guldkroksskolan ska vara \u00f6ppen, \u00e4ven efter att&hellip;\n","protected":false},"author":2,"featured_media":793,"comment_status":"","ping_status":"","sticky":false,"template":"","format":"standard","meta":{"footnotes":""},"categories":[12],"tags":[22,23,26,27,17,21,24,25,28,29,15,16,18,34,31,33,32,30,19,20],"class_list":{"0":"post-102517","1":"post","2":"type-post","3":"status-publish","4":"format-standard","5":"has-post-thumbnail","7":"category-sverige","8":"tag-breaking-news","9":"tag-breakingnews","10":"tag-featured-news","11":"tag-featurednews","12":"tag-headlines","13":"tag-huvudnyheter","14":"tag-latest-news","15":"tag-latestnews","16":"tag-main-news","17":"tag-mainnews","18":"tag-news","19":"tag-nyheter","20":"tag-rubriker","21":"tag-se","22":"tag-svenska","23":"tag-sverige","24":"tag-sweden","25":"tag-swedish","26":"tag-top-stories","27":"tag-topstories"},"share_on_mastodon":{"url":"https:\/\/pubeurope.com\/@se\/115699459278593496","error":""},"_links":{"self":[{"href":"https:\/\/www.europesays.com\/se\/wp-json\/wp\/v2\/posts\/102517","targetHints":{"allow":["GET"]}}],"collection":[{"href":"https:\/\/www.europesays.com\/se\/wp-json\/wp\/v2\/posts"}],"about":[{"href":"https:\/\/www.europesays.com\/se\/wp-json\/wp\/v2\/types\/post"}],"author":[{"embeddable":true,"href":"https:\/\/www.europesays.com\/se\/wp-json\/wp\/v2\/users\/2"}],"replies":[{"embeddable":true,"href":"https:\/\/www.europesays.com\/se\/wp-json\/wp\/v2\/comments?post=102517"}],"version-history":[{"count":0,"href":"https:\/\/www.europesays.com\/se\/wp-json\/wp\/v2\/posts\/102517\/revisions"}],"wp:featuredmedia":[{"embeddable":true,"href":"https:\/\/www.europesays.com\/se\/wp-json\/wp\/v2\/media\/793"}],"wp:attachment":[{"href":"https:\/\/www.europesays.com\/se\/wp-json\/wp\/v2\/media?parent=102517"}],"wp:term":[{"taxonomy":"category","embeddable":true,"href":"https:\/\/www.europesays.com\/se\/wp-json\/wp\/v2\/categories?post=102517"},{"taxonomy":"post_tag","embeddable":true,"href":"https:\/\/www.europesays.com\/se\/wp-json\/wp\/v2\/tags?post=102517"}],"curies":[{"name":"wp","href":"https:\/\/api.w.org\/{rel}","templated":true}]}}