{"id":102535,"date":"2025-12-11T06:30:13","date_gmt":"2025-12-11T06:30:13","guid":{"rendered":"https:\/\/www.europesays.com\/se\/102535\/"},"modified":"2025-12-11T06:30:13","modified_gmt":"2025-12-11T06:30:13","slug":"vill-lamna-gangen-barn-ringer-bris-i-panik","status":"publish","type":"post","link":"https:\/\/www.europesays.com\/se\/102535\/","title":{"rendered":"Vill l\u00e4mna g\u00e4ngen \u2013 barn ringer Bris i panik"},"content":{"rendered":"<p>Bris, Barnens r\u00e4tt i samh\u00e4llet, b\u00f6rjade 2023 f\u00e5 samtal som ber\u00f6rde g\u00e4ngkriminalitet. D\u00e5 r\u00f6rde det sig om 260 samtal. I fjol var det totalt 441 samtal och i \u00e5r, fram till november, r\u00e4knas samtalen till 354.<\/p>\n<p>\u2013 Vi hade drygt 64\u00a0000 kontakter under f\u00f6rra \u00e5ret. S\u00e5 det \u00e4r inte en j\u00e4ttestor samtalskategori p\u00e5 Bris. Men det \u00e4r \u00e4nd\u00e5 f\u00f6rh\u00e5llandevis m\u00e5nga unga i relation till hur m\u00e5nga unga som faktiskt sj\u00e4lva \u00e4r involverade i kriminalitet och \u00e4r under 18 \u00e5r, s\u00e4ger Angsell.<\/p>\n","protected":false},"excerpt":{"rendered":"Bris, Barnens r\u00e4tt i samh\u00e4llet, b\u00f6rjade 2023 f\u00e5 samtal som ber\u00f6rde g\u00e4ngkriminalitet. D\u00e5 r\u00f6rde det sig om 260&hellip;\n","protected":false},"author":2,"featured_media":102536,"comment_status":"","ping_status":"","sticky":false,"template":"","format":"standard","meta":{"footnotes":""},"categories":[5],"tags":[22,23,26,27,17,21,24,25,28,29,15,16,18,34,31,33,32,30,19,20],"class_list":{"0":"post-102535","1":"post","2":"type-post","3":"status-publish","4":"format-standard","5":"has-post-thumbnail","7":"category-rubriker","8":"tag-breaking-news","9":"tag-breakingnews","10":"tag-featured-news","11":"tag-featurednews","12":"tag-headlines","13":"tag-huvudnyheter","14":"tag-latest-news","15":"tag-latestnews","16":"tag-main-news","17":"tag-mainnews","18":"tag-news","19":"tag-nyheter","20":"tag-rubriker","21":"tag-se","22":"tag-svenska","23":"tag-sverige","24":"tag-sweden","25":"tag-swedish","26":"tag-top-stories","27":"tag-topstories"},"share_on_mastodon":{"url":"https:\/\/pubeurope.com\/@se\/115699530050928861","error":""},"_links":{"self":[{"href":"https:\/\/www.europesays.com\/se\/wp-json\/wp\/v2\/posts\/102535","targetHints":{"allow":["GET"]}}],"collection":[{"href":"https:\/\/www.europesays.com\/se\/wp-json\/wp\/v2\/posts"}],"about":[{"href":"https:\/\/www.europesays.com\/se\/wp-json\/wp\/v2\/types\/post"}],"author":[{"embeddable":true,"href":"https:\/\/www.europesays.com\/se\/wp-json\/wp\/v2\/users\/2"}],"replies":[{"embeddable":true,"href":"https:\/\/www.europesays.com\/se\/wp-json\/wp\/v2\/comments?post=102535"}],"version-history":[{"count":0,"href":"https:\/\/www.europesays.com\/se\/wp-json\/wp\/v2\/posts\/102535\/revisions"}],"wp:featuredmedia":[{"embeddable":true,"href":"https:\/\/www.europesays.com\/se\/wp-json\/wp\/v2\/media\/102536"}],"wp:attachment":[{"href":"https:\/\/www.europesays.com\/se\/wp-json\/wp\/v2\/media?parent=102535"}],"wp:term":[{"taxonomy":"category","embeddable":true,"href":"https:\/\/www.europesays.com\/se\/wp-json\/wp\/v2\/categories?post=102535"},{"taxonomy":"post_tag","embeddable":true,"href":"https:\/\/www.europesays.com\/se\/wp-json\/wp\/v2\/tags?post=102535"}],"curies":[{"name":"wp","href":"https:\/\/api.w.org\/{rel}","templated":true}]}}