{"id":102537,"date":"2025-12-11T06:32:16","date_gmt":"2025-12-11T06:32:16","guid":{"rendered":"https:\/\/www.europesays.com\/se\/102537\/"},"modified":"2025-12-11T06:32:16","modified_gmt":"2025-12-11T06:32:16","slug":"hedman-skadad-i-natt-tva-manader-fore-os","status":"publish","type":"post","link":"https:\/\/www.europesays.com\/se\/102537\/","title":{"rendered":"Hedman skadad i natt \u2013 tv\u00e5 m\u00e5nader f\u00f6re OS"},"content":{"rendered":"<p>Svenska stj\u00e4rnbacken Victor Hedman skadades i Tampa Bays m\u00f6te med Montreal Canadiens, skriver Sportbladet.<\/p>\n<p>Hedman var nyligen skadad och \u00e5terv\u00e4nde till laguppst\u00e4llningen s\u00e5 sent som i helgen, men nu har han drabbats igen. Exakt vad f\u00f6r skada har \u00e5samkats har inte laget kommenterat.<\/p>\n<p>\u2013 Det \u00e4r en r\u00e4tt oroande skada. Han ska unders\u00f6kas mer grundligt i morgon, vi h\u00e5ller tummarna, s\u00e4ger en oroad coach Jan Cooper.<\/p>\n<p>Beskedet kommer bara tv\u00e5 m\u00e5nader innan Hedman ska ta plats i Tre Kronors OS-trupp. <\/p>\n<p>Omni \u00e4r politiskt obundna och oberoende. Vi str\u00e4var efter att ge fler perspektiv p\u00e5 nyheterna. Har du fr\u00e5gor eller synpunkter kring v\u00e5r rapportering? <a href=\"https:\/\/omni.se\/hedman-skadad-i-natt-tva-manader-fore-os\/a\/mailto:redaktion@omni.se\" class=\"ArticleActions_contactLink__W2F1M\" rel=\"nofollow noopener\" target=\"_blank\">Kontakta redaktionen<\/a><\/p>\n","protected":false},"excerpt":{"rendered":"Svenska stj\u00e4rnbacken Victor Hedman skadades i Tampa Bays m\u00f6te med Montreal Canadiens, skriver Sportbladet. Hedman var nyligen skadad&hellip;\n","protected":false},"author":2,"featured_media":102538,"comment_status":"","ping_status":"","sticky":false,"template":"","format":"standard","meta":{"footnotes":""},"categories":[68],"tags":[1472,5574,247,34,111,110,31,33,32,30,5277,11666],"class_list":{"0":"post-102537","1":"post","2":"type-post","3":"status-publish","4":"format-standard","5":"has-post-thumbnail","7":"category-sport","8":"tag-ishockey","9":"tag-montreal-canadiens","10":"tag-nhl","11":"tag-se","12":"tag-sport","13":"tag-sports","14":"tag-svenska","15":"tag-sverige","16":"tag-sweden","17":"tag-swedish","18":"tag-tre-kronor","19":"tag-victor-hedman"},"share_on_mastodon":{"url":"https:\/\/pubeurope.com\/@se\/115699537930974123","error":""},"_links":{"self":[{"href":"https:\/\/www.europesays.com\/se\/wp-json\/wp\/v2\/posts\/102537","targetHints":{"allow":["GET"]}}],"collection":[{"href":"https:\/\/www.europesays.com\/se\/wp-json\/wp\/v2\/posts"}],"about":[{"href":"https:\/\/www.europesays.com\/se\/wp-json\/wp\/v2\/types\/post"}],"author":[{"embeddable":true,"href":"https:\/\/www.europesays.com\/se\/wp-json\/wp\/v2\/users\/2"}],"replies":[{"embeddable":true,"href":"https:\/\/www.europesays.com\/se\/wp-json\/wp\/v2\/comments?post=102537"}],"version-history":[{"count":0,"href":"https:\/\/www.europesays.com\/se\/wp-json\/wp\/v2\/posts\/102537\/revisions"}],"wp:featuredmedia":[{"embeddable":true,"href":"https:\/\/www.europesays.com\/se\/wp-json\/wp\/v2\/media\/102538"}],"wp:attachment":[{"href":"https:\/\/www.europesays.com\/se\/wp-json\/wp\/v2\/media?parent=102537"}],"wp:term":[{"taxonomy":"category","embeddable":true,"href":"https:\/\/www.europesays.com\/se\/wp-json\/wp\/v2\/categories?post=102537"},{"taxonomy":"post_tag","embeddable":true,"href":"https:\/\/www.europesays.com\/se\/wp-json\/wp\/v2\/tags?post=102537"}],"curies":[{"name":"wp","href":"https:\/\/api.w.org\/{rel}","templated":true}]}}