{"id":102542,"date":"2025-12-11T06:38:32","date_gmt":"2025-12-11T06:38:32","guid":{"rendered":"https:\/\/www.europesays.com\/se\/102542\/"},"modified":"2025-12-11T06:38:32","modified_gmt":"2025-12-11T06:38:32","slug":"stickskadad-man-i-nassjo-dod-vasterbottens-kuriren","status":"publish","type":"post","link":"https:\/\/www.europesays.com\/se\/102542\/","title":{"rendered":"Stickskadad man i N\u00e4ssj\u00f6 d\u00f6d &#8211; V\u00e4sterbottens-Kuriren"},"content":{"rendered":"<ol>\n<li><a href=\"https:\/\/news.google.com\/rss\/articles\/CBMicEFVX3lxTE05bXFYaURiaFEtZXMtVTk2UjFRRmdPb3BTWFdycklRNHBrb0hoU0ZJNUlkRGhvam1RZmpDZmhrTGJkRkQwa3JScWNLelZwU1JQUlB5N283VW82SFpXVWRSMWsyNWtRRVZPLWdqS2FpM1g?oc=5\" target=\"_blank\" rel=\"nofollow noopener\">Stickskadad man i N\u00e4ssj\u00f6 d\u00f6d<\/a>&nbsp;&nbsp;V\u00e4sterbottens-Kuriren<\/li>\n<li><a href=\"https:\/\/news.google.com\/rss\/articles\/CBMioAFBVV95cUxPZHZnZ0ZicUhnOW1XVERqRkNiWHdXYWI1aXd6VEVyVUFObmpRcmdGUXN3bUtrMmpfYVQ3XzFIUktfXzFCOEdBU05CQ2ZmaUgxLXVxYjNiOFdYSU53TWNaNEUtODNrY0RDTUtWakV0NndCdUsxOXJ0STkzQ1h3YjdRMDhDUE1BWndGbEVKY0VkZjdiQlEyZkE5YzlGQnhPTVZF?oc=5\" target=\"_blank\" rel=\"nofollow noopener\">Man gripen efter knivattack i villaomr\u00e5de<\/a>&nbsp;&nbsp;Aftonbladet<\/li>\n<li><a href=\"https:\/\/news.google.com\/rss\/articles\/CBMigAFBVV95cUxOMVpmX19VZGs3U3VoXzFackNhTTQzQl9icFNYTUdpa19CQUtveXZDYWR6WGFxM05pUGxHckZmTzhyYV83QVpzVHNJRUZTenRlTFk3VXl4Q21FNkNrMHFDZDJMRkhmX1l1c2h4VE1qV2NwMDhuMkJ2NzZjdUQ4bjFISg?oc=5\" target=\"_blank\" rel=\"nofollow noopener\">Man d\u00f6d efter v\u00e5ldsam attack i Anneberg i N\u00e4ssj\u00f6<\/a>&nbsp;&nbsp;SVT Nyheter<\/li>\n<li><a href=\"https:\/\/news.google.com\/rss\/articles\/CBMieEFVX3lxTE9OU2hTNmE4WW9TTzBTX0xDMnM1dmViZlFDRjBwVk90SFc4akdNMWRsS1N1U1JDYWtjU195ck82eXdnd3BkV0taaDRwbTlrSzRlekhOTE9EUWNiMktqdVdoTC1Zc1E5LWI1TzMzQVVUQ2NTMUhnOFlYXw?oc=5\" target=\"_blank\" rel=\"nofollow noopener\">Mord i Anneberg i N\u00e4ssj\u00f6 kommun \u2013 man hittad skuren<\/a>&nbsp;&nbsp;Expressen<\/li>\n<li><a href=\"https:\/\/news.google.com\/rss\/articles\/CBMiggFBVV95cUxQQlgzZUlhcXFJbE1NWUtkZVFHOVE1OUd0R1Z3a2w3dVJQQjlBT29aVlBWcnlzckJUdHBRZGJDU2ZNeWFnQmlXY1hDekdhZVBpcVZxbl9Zb05RSG85Tk44YXB0TUVCNEtzdkNGYjJQWjhjb04xT3dGdUswMWE4VmRGUWJR?oc=5\" target=\"_blank\" rel=\"nofollow noopener\">Man d\u00f6dad i Anneberg \u2013 en gripen misst\u00e4nkt f\u00f6r mord<\/a>&nbsp;&nbsp;Sveriges Radio<\/li>\n<\/ol>\n","protected":false},"excerpt":{"rendered":"Stickskadad man i N\u00e4ssj\u00f6 d\u00f6d&nbsp;&nbsp;V\u00e4sterbottens-Kuriren Man gripen efter knivattack i villaomr\u00e5de&nbsp;&nbsp;Aftonbladet Man d\u00f6d efter v\u00e5ldsam attack i Anneberg&hellip;\n","protected":false},"author":2,"featured_media":58607,"comment_status":"","ping_status":"","sticky":false,"template":"","format":"standard","meta":{"footnotes":""},"categories":[5],"tags":[22,23,26,27,17,21,24,25,28,29,15,16,18,34,31,33,32,30,19,20],"class_list":{"0":"post-102542","1":"post","2":"type-post","3":"status-publish","4":"format-standard","5":"has-post-thumbnail","7":"category-rubriker","8":"tag-breaking-news","9":"tag-breakingnews","10":"tag-featured-news","11":"tag-featurednews","12":"tag-headlines","13":"tag-huvudnyheter","14":"tag-latest-news","15":"tag-latestnews","16":"tag-main-news","17":"tag-mainnews","18":"tag-news","19":"tag-nyheter","20":"tag-rubriker","21":"tag-se","22":"tag-svenska","23":"tag-sverige","24":"tag-sweden","25":"tag-swedish","26":"tag-top-stories","27":"tag-topstories"},"share_on_mastodon":{"url":"https:\/\/pubeurope.com\/@se\/115699561489194333","error":""},"_links":{"self":[{"href":"https:\/\/www.europesays.com\/se\/wp-json\/wp\/v2\/posts\/102542","targetHints":{"allow":["GET"]}}],"collection":[{"href":"https:\/\/www.europesays.com\/se\/wp-json\/wp\/v2\/posts"}],"about":[{"href":"https:\/\/www.europesays.com\/se\/wp-json\/wp\/v2\/types\/post"}],"author":[{"embeddable":true,"href":"https:\/\/www.europesays.com\/se\/wp-json\/wp\/v2\/users\/2"}],"replies":[{"embeddable":true,"href":"https:\/\/www.europesays.com\/se\/wp-json\/wp\/v2\/comments?post=102542"}],"version-history":[{"count":0,"href":"https:\/\/www.europesays.com\/se\/wp-json\/wp\/v2\/posts\/102542\/revisions"}],"wp:featuredmedia":[{"embeddable":true,"href":"https:\/\/www.europesays.com\/se\/wp-json\/wp\/v2\/media\/58607"}],"wp:attachment":[{"href":"https:\/\/www.europesays.com\/se\/wp-json\/wp\/v2\/media?parent=102542"}],"wp:term":[{"taxonomy":"category","embeddable":true,"href":"https:\/\/www.europesays.com\/se\/wp-json\/wp\/v2\/categories?post=102542"},{"taxonomy":"post_tag","embeddable":true,"href":"https:\/\/www.europesays.com\/se\/wp-json\/wp\/v2\/tags?post=102542"}],"curies":[{"name":"wp","href":"https:\/\/api.w.org\/{rel}","templated":true}]}}