{"id":102543,"date":"2025-12-11T06:40:10","date_gmt":"2025-12-11T06:40:10","guid":{"rendered":"https:\/\/www.europesays.com\/se\/102543\/"},"modified":"2025-12-11T06:40:10","modified_gmt":"2025-12-11T06:40:10","slug":"gyokeres-tillbaka-i-elvan-nar-arsenal-tog-sjatte-raka-omni","status":"publish","type":"post","link":"https:\/\/www.europesays.com\/se\/102543\/","title":{"rendered":"Gy\u00f6keres tillbaka i elvan n\u00e4r Arsenal tog sj\u00e4tte raka &#8211; Omni"},"content":{"rendered":"<ol>\n<li><a href=\"https:\/\/news.google.com\/rss\/articles\/CBMihAFBVV95cUxQNXBVUHR6eUcwX2V2VTBwcUYzZTE4U08td1I4eXluZE5RbDVSZzhzTnFzOEEzT1QzVi1XeTIwcXlPOXF2bGNic3dIZTAxRjBOMTJuaGxnck5fV2VaQldiczVZREhSNERPR0x4UUxmd3BDYksySm8tWHRFaGlwZmltQ2Vkd0c?oc=5\" target=\"_blank\" rel=\"nofollow noopener\">Gy\u00f6keres tillbaka i elvan n\u00e4r Arsenal tog sj\u00e4tte raka<\/a>&nbsp;&nbsp;Omni<\/li>\n<li><a href=\"https:\/\/news.google.com\/rss\/articles\/CBMiswFBVV95cUxQSGpXU0YyQ1U5ZGJMNi1jZWQ1RWU4eVZkNDFEazVDbDZkY2RFcGZvRkx4ejZ2TkxUM2NLb0dqbFRsRWp2eHRuZ3lNdlJuVzdObEVJUVhCRjVEVWZhODMxMFBRVUdaZmRjajY5dWt0WUV1eXdLN0FTRC1ZU3E4ZVE4MVJGYk8yVE92emhIaHVLdU84eHdPd2xGWmVnTTRXaHV4Y29YVjJqalBiaVJNOHE4WHN6VQ?oc=5\" target=\"_blank\" rel=\"nofollow noopener\">Dubbla dr\u00f6mm\u00e5l n\u00e4r Arsenal vann i CL<\/a>&nbsp;&nbsp;Aftonbladet<\/li>\n<li><a href=\"https:\/\/news.google.com\/rss\/articles\/CBMioAFBVV95cUxPOVdXTHVmd1J5Vjh0X3RmXzM4ZGVUM0JWZUYzTDFTLUxYaGpnb2hrbU9hTUJUaC0xNWhJR0dWeFp2YklBUks5ZFNsZ0p4bnRSVTRpZktWU21TVzNXUlg4cnliSDdfZDdLMzZubHQtZHpra294Ynppd01zTmdiUDlib1h2N3RTYi1SanRndlBaTmViOXRoTU9QOTVMOVoyMzU0?oc=5\" target=\"_blank\" rel=\"nofollow noopener\">Fotboll: Gy\u00f6keres m\u00e5ll\u00f6s i comebacken n\u00e4r Arsenal vann efter dubbla dr\u00f6mm\u00e5l<\/a>&nbsp;&nbsp;SVT Nyheter<\/li>\n<li><a href=\"https:\/\/news.google.com\/rss\/articles\/CBMiggFBVV95cUxNeDNKc1dFWDA0aFVPelpRR2F1SDIybllrS3EzRGRLdGJ2M2QxblVfc19FdmdXSk5heXJaQmJRU3RoU1lOd2hLSXl5SDhkamg3NTczQ0dtdDl2Ykdzejg5U2lpN1VBNm9xeElWVXpEWEVnT2oydnkxdXNIcTNhNjhxNVRB?oc=5\" target=\"_blank\" rel=\"nofollow noopener\">Betygen p\u00e5 Gy\u00f6keres<\/a>&nbsp;&nbsp;Fotbollskanalen<\/li>\n<li><a href=\"https:\/\/news.google.com\/rss\/articles\/CBMiiAFBVV95cUxQRWVIdXNUcDRzNUx2aE5QV2ZyTlNRR1pJdzhoLUlpVEJjS0laOUlaTjJ1SDN0dk9Oa0lmT1g0ejNVQzkxMUhkeDdRUWFIM3JIUHVYWlpubFI3dWxnd2sxZkYxSzladkFWREpVVDVLTFlSSlp2S0YtZGtRMHFIZTE4N01MOUdpc3lE?oc=5\" target=\"_blank\" rel=\"nofollow noopener\">M\u00f6rk Gy\u00f6keres-l\u00e4sning: \u201dEn sm\u00e4rtsam insats\u201d<\/a>&nbsp;&nbsp;Expressen<\/li>\n<\/ol>\n","protected":false},"excerpt":{"rendered":"Gy\u00f6keres tillbaka i elvan n\u00e4r Arsenal tog sj\u00e4tte raka&nbsp;&nbsp;Omni Dubbla dr\u00f6mm\u00e5l n\u00e4r Arsenal vann i CL&nbsp;&nbsp;Aftonbladet Fotboll: Gy\u00f6keres&hellip;\n","protected":false},"author":2,"featured_media":102544,"comment_status":"","ping_status":"","sticky":false,"template":"","format":"standard","meta":{"footnotes":""},"categories":[68],"tags":[298,657,11668,138,11667,34,111,110,31,33,32,30,296],"class_list":{"0":"post-102543","1":"post","2":"type-post","3":"status-publish","4":"format-standard","5":"has-post-thumbnail","7":"category-sport","8":"tag-arsenal-fc","9":"tag-champions-league-fotboll-herrar","10":"tag-club-brugge","11":"tag-fotboll","12":"tag-jonas-olsson","13":"tag-se","14":"tag-sport","15":"tag-sports","16":"tag-svenska","17":"tag-sverige","18":"tag-sweden","19":"tag-swedish","20":"tag-viktor-gyokeres"},"share_on_mastodon":{"url":"https:\/\/pubeurope.com\/@se\/115699569350387708","error":""},"_links":{"self":[{"href":"https:\/\/www.europesays.com\/se\/wp-json\/wp\/v2\/posts\/102543","targetHints":{"allow":["GET"]}}],"collection":[{"href":"https:\/\/www.europesays.com\/se\/wp-json\/wp\/v2\/posts"}],"about":[{"href":"https:\/\/www.europesays.com\/se\/wp-json\/wp\/v2\/types\/post"}],"author":[{"embeddable":true,"href":"https:\/\/www.europesays.com\/se\/wp-json\/wp\/v2\/users\/2"}],"replies":[{"embeddable":true,"href":"https:\/\/www.europesays.com\/se\/wp-json\/wp\/v2\/comments?post=102543"}],"version-history":[{"count":0,"href":"https:\/\/www.europesays.com\/se\/wp-json\/wp\/v2\/posts\/102543\/revisions"}],"wp:featuredmedia":[{"embeddable":true,"href":"https:\/\/www.europesays.com\/se\/wp-json\/wp\/v2\/media\/102544"}],"wp:attachment":[{"href":"https:\/\/www.europesays.com\/se\/wp-json\/wp\/v2\/media?parent=102543"}],"wp:term":[{"taxonomy":"category","embeddable":true,"href":"https:\/\/www.europesays.com\/se\/wp-json\/wp\/v2\/categories?post=102543"},{"taxonomy":"post_tag","embeddable":true,"href":"https:\/\/www.europesays.com\/se\/wp-json\/wp\/v2\/tags?post=102543"}],"curies":[{"name":"wp","href":"https:\/\/api.w.org\/{rel}","templated":true}]}}