{"id":102545,"date":"2025-12-11T06:45:08","date_gmt":"2025-12-11T06:45:08","guid":{"rendered":"https:\/\/www.europesays.com\/se\/102545\/"},"modified":"2025-12-11T06:45:08","modified_gmt":"2025-12-11T06:45:08","slug":"11-december-07-12-sammanfattning-natt-orebro-lan","status":"publish","type":"post","link":"https:\/\/www.europesays.com\/se\/102545\/","title":{"rendered":"11 december 07.12, Sammanfattning natt, \u00d6rebro l\u00e4n"},"content":{"rendered":"<p><strong>Narkotikabrott, \u00d6rebro kl. 00.30.<\/strong><\/p>\n<p>En man i 35-\u00e5rs\u00e5ldern \u00e4r misst\u00e4nkt f\u00f6r ringa narkotikabrott genom eget bruk efter att ha blivit kontrollerad av en patrull p\u00e5 Holmen. Mannen fick \u00e5ka med patrullen f\u00f6r provtagning och resultatet p\u00e5 provet f\u00e5r visa om han har gjort sig skyldig till brott.<\/p>\n<p><strong>Narkotikabrott, \u00d6rebro kl. 00.58.<\/strong><\/p>\n<p>En man i 35-\u00e5rs\u00e5ldern \u00e4r misst\u00e4nkt f\u00f6r ringa narkotikabrott genom innehav av en mindre m\u00e4ngd misst\u00e4nkt narkotika vilket uppt\u00e4cktes i samband med att han blev omh\u00e4ndertagen enligt LOB, Lagen om omh\u00e4ndertagande av berusade personer.<\/p>\n<p><strong>Allm\u00e4nfarlig v\u00e5rdsl\u00f6shet, H\u00e4llefors kl. 03.21.<\/strong><\/p>\n<p>En eller flera ok\u00e4nda personer har kastat in ett f\u00f6rem\u00e5l, i en byggnad som tillh\u00f6r H\u00e4llefors kommun, varefter det har blivit r\u00f6kutveckling inne i byggnaden. Polisen har varit p\u00e5 plats utan att hitta n\u00e5gon misst\u00e4nkt. Ingen person blev skadad i samband med denna h\u00e4ndelse.<\/p>\n<p>Ut\u00f6ver detta har vi bland annat kontrollerat nio personer eller fordon, hanterat en viltolycka utan personskada och hanterat tv\u00e5 \u00e4renden g\u00e4llande psykisk oh\u00e4lsa.<\/p>\n<p>\u00a0<\/p>\n","protected":false},"excerpt":{"rendered":"Narkotikabrott, \u00d6rebro kl. 00.30. En man i 35-\u00e5rs\u00e5ldern \u00e4r misst\u00e4nkt f\u00f6r ringa narkotikabrott genom eget bruk efter att&hellip;\n","protected":false},"author":2,"featured_media":54,"comment_status":"","ping_status":"","sticky":false,"template":"","format":"standard","meta":{"footnotes":""},"categories":[12],"tags":[22,23,26,27,17,21,24,25,28,29,15,16,18,34,31,33,32,30,19,20],"class_list":{"0":"post-102545","1":"post","2":"type-post","3":"status-publish","4":"format-standard","5":"has-post-thumbnail","7":"category-sverige","8":"tag-breaking-news","9":"tag-breakingnews","10":"tag-featured-news","11":"tag-featurednews","12":"tag-headlines","13":"tag-huvudnyheter","14":"tag-latest-news","15":"tag-latestnews","16":"tag-main-news","17":"tag-mainnews","18":"tag-news","19":"tag-nyheter","20":"tag-rubriker","21":"tag-se","22":"tag-svenska","23":"tag-sverige","24":"tag-sweden","25":"tag-swedish","26":"tag-top-stories","27":"tag-topstories"},"share_on_mastodon":{"url":"https:\/\/pubeurope.com\/@se\/115699589020569829","error":""},"_links":{"self":[{"href":"https:\/\/www.europesays.com\/se\/wp-json\/wp\/v2\/posts\/102545","targetHints":{"allow":["GET"]}}],"collection":[{"href":"https:\/\/www.europesays.com\/se\/wp-json\/wp\/v2\/posts"}],"about":[{"href":"https:\/\/www.europesays.com\/se\/wp-json\/wp\/v2\/types\/post"}],"author":[{"embeddable":true,"href":"https:\/\/www.europesays.com\/se\/wp-json\/wp\/v2\/users\/2"}],"replies":[{"embeddable":true,"href":"https:\/\/www.europesays.com\/se\/wp-json\/wp\/v2\/comments?post=102545"}],"version-history":[{"count":0,"href":"https:\/\/www.europesays.com\/se\/wp-json\/wp\/v2\/posts\/102545\/revisions"}],"wp:featuredmedia":[{"embeddable":true,"href":"https:\/\/www.europesays.com\/se\/wp-json\/wp\/v2\/media\/54"}],"wp:attachment":[{"href":"https:\/\/www.europesays.com\/se\/wp-json\/wp\/v2\/media?parent=102545"}],"wp:term":[{"taxonomy":"category","embeddable":true,"href":"https:\/\/www.europesays.com\/se\/wp-json\/wp\/v2\/categories?post=102545"},{"taxonomy":"post_tag","embeddable":true,"href":"https:\/\/www.europesays.com\/se\/wp-json\/wp\/v2\/tags?post=102545"}],"curies":[{"name":"wp","href":"https:\/\/api.w.org\/{rel}","templated":true}]}}