{"id":102552,"date":"2025-12-11T06:53:08","date_gmt":"2025-12-11T06:53:08","guid":{"rendered":"https:\/\/www.europesays.com\/se\/102552\/"},"modified":"2025-12-11T06:53:08","modified_gmt":"2025-12-11T06:53:08","slug":"11-december-07-14-sammanfattning-natt-norrbottens-lan-polisen-se","status":"publish","type":"post","link":"https:\/\/www.europesays.com\/se\/102552\/","title":{"rendered":"11 december 07.14, Sammanfattning natt, Norrbottens l\u00e4n &#8211; Polisen.se"},"content":{"rendered":"<ol>\n<li><a href=\"https:\/\/news.google.com\/rss\/articles\/CBMirgFBVV95cUxNRk5HR0R3bGxYQUtoX1ZxMmtFLUpQdnFlLWZ2REZESGZZWGNUV3YtU3hGcHljUFRKbTZDVjFXVjdyakFCWEcySjdXaHB0bWIzWW5lV3lxVEpjZWNVdjVnWm95eUo4bzdlNDhuYjdPa2JJb2ZjNGxsSk41bzZQWl90X3ZsMjhsZjNDR1lqd0tIUXJrZGVxQ24waDNXcjV4QndtUFpYVUpoMEJLS0VjSnc?oc=5\" target=\"_blank\" rel=\"nofollow noopener\">11 december 07.14, Sammanfattning natt, Norrbottens l\u00e4n<\/a>&nbsp;&nbsp;Polisen.se<\/li>\n<li><a href=\"https:\/\/news.google.com\/rss\/articles\/CBMinwFBVV95cUxQTlZ4U1ZfaEhTd0pzNFdaOUg4b1dreWR1cW9XQUQ3SEQxeW9kU21GZGVpaHFteDRvMDN4dlFKNzBVUnF3RW9VajU1ZFBVV3RUbDNZOG5LUThLR2ttTDlORTFuLUxJR3Q3Z2dkT0h3SG9NNDZmb2t5aHJMR2tsNWQybExZN3JDOUNHeTUwUVhSaVRhS2NqZFNTeFVqTkt1dmM?oc=5\" target=\"_blank\" rel=\"nofollow noopener\">F\u00f6rare i Lule\u00e5 kontrollerades \u2013 misst\u00e4nks f\u00f6r rattfylleri<\/a>&nbsp;&nbsp;Norrbottens-Kuriren<\/li>\n<li><a href=\"https:\/\/news.google.com\/rss\/articles\/CBMiogFBVV95cUxOZTJONHRES29IMmtEOFhZOTFkSkpSMFFZM3NZV25QdDlaRVY0MHFnQlQxWlM2MTdTSFZXNnhYY2lhU0dGcmFUYkhXU2UyRE5iVHJmM1N2SDNrT3hfSmlaN0F3ZHZ1Qm5Da1hBdDlraHJBczBwaHRHSHNSUF9TNzVKd0ZXQkF6ZTFWSDFic2NJb09pblg4M3RRVEF4My12NHNzVUE?oc=5\" target=\"_blank\" rel=\"nofollow noopener\">Polisens natt: Man i G\u00e4llivare misst\u00e4nks ha misshandlat kvinna<\/a>&nbsp;&nbsp;NSD<\/li>\n<li><a href=\"https:\/\/news.google.com\/rss\/articles\/CBMingFBVV95cUxObFRGSHdaUEZWLWxxajBVWWFONlJDcW9zNzN4d2VSc0NHVlFFSG96VVhzc19hanFLeFlENi02TjJCLUtldHlkd200RzV2eXJGMUNVNENjNFVZcjd6VTJxYjlVUF9yUUxEcmZoYllZOGx5bnNMeGRfRS1uVUh3YkdCcm8wV1R3WERuTVUzamUxNUlFVVJ0YW1FbVdBdlY1Zw?oc=5\" target=\"_blank\" rel=\"nofollow noopener\">Misshandel och fylleri \u2013 s\u00e5 var polisens natt i Norrbotten<\/a>&nbsp;&nbsp;NSD<\/li>\n<li><a href=\"https:\/\/news.google.com\/rss\/articles\/CBMi2gFBVV95cUxOQThIcEZadUVhYUdyQlpBb3hpSW0xQmwzV1VQSzZ0eElLamFoN0Z4ZDl3MHFzaVpzZTVqcmZlQkp4UWhOZjk1QlZZcHZQODhIV24yOXJZcXlRT1J1cm1kU1BOb05SYlVGSERDVXk4QmJyLVR5al9MWXdEX19mVmNMeE9oczhzdWlKanotRjZzRUpReldQV1lUT2M1SjRwc0l6VGp4bG9QN2N6T1REbW5CVGF0dGRSbVozNHI4ZG9pYW5wWlZseE8zdnFUTHNWWlZzZm9BUXg2dWFTQQ?oc=5\" target=\"_blank\" rel=\"nofollow noopener\">Ett urval av nattens polisverksamhet i Norrbottens l\u00e4n.<\/a>&nbsp;&nbsp;Brottsplatskartan.se<\/li>\n<\/ol>\n","protected":false},"excerpt":{"rendered":"11 december 07.14, Sammanfattning natt, Norrbottens l\u00e4n&nbsp;&nbsp;Polisen.se F\u00f6rare i Lule\u00e5 kontrollerades \u2013 misst\u00e4nks f\u00f6r rattfylleri&nbsp;&nbsp;Norrbottens-Kuriren Polisens natt: Man&hellip;\n","protected":false},"author":2,"featured_media":54,"comment_status":"","ping_status":"","sticky":false,"template":"","format":"standard","meta":{"footnotes":""},"categories":[12],"tags":[22,23,26,27,17,21,24,25,28,29,15,16,18,34,31,33,32,30,19,20],"class_list":{"0":"post-102552","1":"post","2":"type-post","3":"status-publish","4":"format-standard","5":"has-post-thumbnail","7":"category-sverige","8":"tag-breaking-news","9":"tag-breakingnews","10":"tag-featured-news","11":"tag-featurednews","12":"tag-headlines","13":"tag-huvudnyheter","14":"tag-latest-news","15":"tag-latestnews","16":"tag-main-news","17":"tag-mainnews","18":"tag-news","19":"tag-nyheter","20":"tag-rubriker","21":"tag-se","22":"tag-svenska","23":"tag-sverige","24":"tag-sweden","25":"tag-swedish","26":"tag-top-stories","27":"tag-topstories"},"share_on_mastodon":{"url":"https:\/\/pubeurope.com\/@se\/115699620591322210","error":""},"_links":{"self":[{"href":"https:\/\/www.europesays.com\/se\/wp-json\/wp\/v2\/posts\/102552","targetHints":{"allow":["GET"]}}],"collection":[{"href":"https:\/\/www.europesays.com\/se\/wp-json\/wp\/v2\/posts"}],"about":[{"href":"https:\/\/www.europesays.com\/se\/wp-json\/wp\/v2\/types\/post"}],"author":[{"embeddable":true,"href":"https:\/\/www.europesays.com\/se\/wp-json\/wp\/v2\/users\/2"}],"replies":[{"embeddable":true,"href":"https:\/\/www.europesays.com\/se\/wp-json\/wp\/v2\/comments?post=102552"}],"version-history":[{"count":0,"href":"https:\/\/www.europesays.com\/se\/wp-json\/wp\/v2\/posts\/102552\/revisions"}],"wp:featuredmedia":[{"embeddable":true,"href":"https:\/\/www.europesays.com\/se\/wp-json\/wp\/v2\/media\/54"}],"wp:attachment":[{"href":"https:\/\/www.europesays.com\/se\/wp-json\/wp\/v2\/media?parent=102552"}],"wp:term":[{"taxonomy":"category","embeddable":true,"href":"https:\/\/www.europesays.com\/se\/wp-json\/wp\/v2\/categories?post=102552"},{"taxonomy":"post_tag","embeddable":true,"href":"https:\/\/www.europesays.com\/se\/wp-json\/wp\/v2\/tags?post=102552"}],"curies":[{"name":"wp","href":"https:\/\/api.w.org\/{rel}","templated":true}]}}