{"id":102553,"date":"2025-12-11T06:54:10","date_gmt":"2025-12-11T06:54:10","guid":{"rendered":"https:\/\/www.europesays.com\/se\/102553\/"},"modified":"2025-12-11T06:54:10","modified_gmt":"2025-12-11T06:54:10","slug":"en-man-skjuten-i-jarfalla-ingen-gripen","status":"publish","type":"post","link":"https:\/\/www.europesays.com\/se\/102553\/","title":{"rendered":"En man skjuten i J\u00e4rf\u00e4lla \u2013 ingen gripen"},"content":{"rendered":"<p class=\"text\">Polisen larmades om skottlossning i Kallh\u00e4ll i J\u00e4rf\u00e4lla vid 21-tiden ig\u00e5r kv\u00e4ll.<\/p>\n<p class=\"text\">P\u00e5 platsen hittas en skadad man som f\u00f6rs med ambulans till sjukhus.<\/p>\n<p class=\"text\"><a target=\"_blank\" rel=\"noopener nofollow\" href=\"https:\/\/www.aftonbladet.se\/nyheter\/a\/e71XO9\/larm-om-skjutning-i-jarfalla\">Till Aftonbladet<\/a> s\u00e4ger Nadya Norton, polisens presstalesperson, att mannen ska ha varit vaken och talbar initialt. <\/p>\n<p class=\"text\">\u2013 Vi har kunnat prata med personen, s\u00e4ger hon till tidningen.<\/p>\n<p class=\"text\">P\u00e5 polisens hemsida skriver man att skadel\u00e4get \u00e4nnu \u00e4r oklart.<\/p>\n<p>Stor insats \u2013 ingen gripen<\/p>\n<p class=\"text\">Under kv\u00e4llen p\u00e5gick en stor insats med hundpatruller och helikopter i jakt p\u00e5 en eller flera g\u00e4rningspersoner. <\/p>\n<p class=\"text\">Ambulans, polis och r\u00e4ddningstj\u00e4nsten var p\u00e5 plats. <\/p>\n<p class=\"text\">Polisen har \u00e4ven knackat d\u00f6rr i omr\u00e5det f\u00f6r att samla in vittnesm\u00e5l. Senare p\u00e5 kv\u00e4llen befann sig deras tekniker \u00e4r p\u00e5 plats f\u00f6r att s\u00e4kra eventuella sp\u00e5r.<\/p>\n<p class=\"text\">Polisen vill inte uttala sig om man gjort n\u00e5got fynd.<\/p>\n<p class=\"text\">Ingen misst\u00e4nkt g\u00e4rningsperson \u00e4r gripen.<\/p>\n<p class=\"text\">En f\u00f6runders\u00f6kning g\u00e4llande f\u00f6rs\u00f6k till mord och grovt vapenbrott har inletts.<\/p>\n","protected":false},"excerpt":{"rendered":"Polisen larmades om skottlossning i Kallh\u00e4ll i J\u00e4rf\u00e4lla vid 21-tiden ig\u00e5r kv\u00e4ll. P\u00e5 platsen hittas en skadad man&hellip;\n","protected":false},"author":2,"featured_media":102554,"comment_status":"","ping_status":"","sticky":false,"template":"","format":"standard","meta":{"footnotes":""},"categories":[5],"tags":[22,23,26,27,17,21,24,25,28,29,15,16,18,34,31,33,32,30,19,20],"class_list":{"0":"post-102553","1":"post","2":"type-post","3":"status-publish","4":"format-standard","5":"has-post-thumbnail","7":"category-rubriker","8":"tag-breaking-news","9":"tag-breakingnews","10":"tag-featured-news","11":"tag-featurednews","12":"tag-headlines","13":"tag-huvudnyheter","14":"tag-latest-news","15":"tag-latestnews","16":"tag-main-news","17":"tag-mainnews","18":"tag-news","19":"tag-nyheter","20":"tag-rubriker","21":"tag-se","22":"tag-svenska","23":"tag-sverige","24":"tag-sweden","25":"tag-swedish","26":"tag-top-stories","27":"tag-topstories"},"share_on_mastodon":{"url":"https:\/\/pubeurope.com\/@se\/115699624387348486","error":""},"_links":{"self":[{"href":"https:\/\/www.europesays.com\/se\/wp-json\/wp\/v2\/posts\/102553","targetHints":{"allow":["GET"]}}],"collection":[{"href":"https:\/\/www.europesays.com\/se\/wp-json\/wp\/v2\/posts"}],"about":[{"href":"https:\/\/www.europesays.com\/se\/wp-json\/wp\/v2\/types\/post"}],"author":[{"embeddable":true,"href":"https:\/\/www.europesays.com\/se\/wp-json\/wp\/v2\/users\/2"}],"replies":[{"embeddable":true,"href":"https:\/\/www.europesays.com\/se\/wp-json\/wp\/v2\/comments?post=102553"}],"version-history":[{"count":0,"href":"https:\/\/www.europesays.com\/se\/wp-json\/wp\/v2\/posts\/102553\/revisions"}],"wp:featuredmedia":[{"embeddable":true,"href":"https:\/\/www.europesays.com\/se\/wp-json\/wp\/v2\/media\/102554"}],"wp:attachment":[{"href":"https:\/\/www.europesays.com\/se\/wp-json\/wp\/v2\/media?parent=102553"}],"wp:term":[{"taxonomy":"category","embeddable":true,"href":"https:\/\/www.europesays.com\/se\/wp-json\/wp\/v2\/categories?post=102553"},{"taxonomy":"post_tag","embeddable":true,"href":"https:\/\/www.europesays.com\/se\/wp-json\/wp\/v2\/tags?post=102553"}],"curies":[{"name":"wp","href":"https:\/\/api.w.org\/{rel}","templated":true}]}}