{"id":102558,"date":"2025-12-11T07:01:09","date_gmt":"2025-12-11T07:01:09","guid":{"rendered":"https:\/\/www.europesays.com\/se\/102558\/"},"modified":"2025-12-11T07:01:09","modified_gmt":"2025-12-11T07:01:09","slug":"kvinna-ranad-pa-sin-bil-med-pistolliknande-foremal","status":"publish","type":"post","link":"https:\/\/www.europesays.com\/se\/102558\/","title":{"rendered":"Kvinna r\u00e5nad p\u00e5 sin bil med pistolliknande f\u00f6rem\u00e5l"},"content":{"rendered":"<p>Larmet kom klockan 04.52 efter att en man, bev\u00e4pnad med vad kvinnan uppfattade som en pistol, knackat p\u00e5 bilrutan och tvingat till sig nycklarna.<\/p>\n<p>\u2013 Kvinnan chockades men skadades inte fysiskt, s\u00e4ger polisens presstalesperson Thomas Fuxborg.<\/p>\n<p>Greps efter biljakt p\u00e5 E6<\/p>\n<p>En polispatrull fick kort d\u00e4refter syn p\u00e5 bilen p\u00e5 E6 utanf\u00f6r Halmstad. F\u00f6raren v\u00e4grade stanna och en biljakt inleddes s\u00f6derut. Jakten avslutades i B\u00e5stad, d\u00e4r polisen kunde stoppa bilen genom att preja den.<\/p>\n<p>\u2013 Mannen greps p\u00e5 plats och det pistolliknande f\u00f6rem\u00e5let togs i beslag f\u00f6r vidare unders\u00f6kning. Han \u00e4r nu misst\u00e4nkt f\u00f6r grovt r\u00e5n eller grovt tillgrepp av fortskaffningsmedel. <\/p>\n<p>Ingen har kommit till skada i samband med h\u00e4ndelsen och bilen kommer b\u00e4rgas fr\u00e5n platsen. <\/p>\n<p>Enligt polisen kan fler misstankar tillkomma.<\/p>\n","protected":false},"excerpt":{"rendered":"Larmet kom klockan 04.52 efter att en man, bev\u00e4pnad med vad kvinnan uppfattade som en pistol, knackat p\u00e5&hellip;\n","protected":false},"author":2,"featured_media":63854,"comment_status":"","ping_status":"","sticky":false,"template":"","format":"standard","meta":{"footnotes":""},"categories":[12],"tags":[22,23,26,27,17,21,24,25,28,29,15,16,18,34,31,33,32,30,19,20],"class_list":{"0":"post-102558","1":"post","2":"type-post","3":"status-publish","4":"format-standard","5":"has-post-thumbnail","7":"category-sverige","8":"tag-breaking-news","9":"tag-breakingnews","10":"tag-featured-news","11":"tag-featurednews","12":"tag-headlines","13":"tag-huvudnyheter","14":"tag-latest-news","15":"tag-latestnews","16":"tag-main-news","17":"tag-mainnews","18":"tag-news","19":"tag-nyheter","20":"tag-rubriker","21":"tag-se","22":"tag-svenska","23":"tag-sverige","24":"tag-sweden","25":"tag-swedish","26":"tag-top-stories","27":"tag-topstories"},"share_on_mastodon":{"url":"https:\/\/pubeurope.com\/@se\/115699652005457996","error":""},"_links":{"self":[{"href":"https:\/\/www.europesays.com\/se\/wp-json\/wp\/v2\/posts\/102558","targetHints":{"allow":["GET"]}}],"collection":[{"href":"https:\/\/www.europesays.com\/se\/wp-json\/wp\/v2\/posts"}],"about":[{"href":"https:\/\/www.europesays.com\/se\/wp-json\/wp\/v2\/types\/post"}],"author":[{"embeddable":true,"href":"https:\/\/www.europesays.com\/se\/wp-json\/wp\/v2\/users\/2"}],"replies":[{"embeddable":true,"href":"https:\/\/www.europesays.com\/se\/wp-json\/wp\/v2\/comments?post=102558"}],"version-history":[{"count":0,"href":"https:\/\/www.europesays.com\/se\/wp-json\/wp\/v2\/posts\/102558\/revisions"}],"wp:featuredmedia":[{"embeddable":true,"href":"https:\/\/www.europesays.com\/se\/wp-json\/wp\/v2\/media\/63854"}],"wp:attachment":[{"href":"https:\/\/www.europesays.com\/se\/wp-json\/wp\/v2\/media?parent=102558"}],"wp:term":[{"taxonomy":"category","embeddable":true,"href":"https:\/\/www.europesays.com\/se\/wp-json\/wp\/v2\/categories?post=102558"},{"taxonomy":"post_tag","embeddable":true,"href":"https:\/\/www.europesays.com\/se\/wp-json\/wp\/v2\/tags?post=102558"}],"curies":[{"name":"wp","href":"https:\/\/api.w.org\/{rel}","templated":true}]}}