{"id":102559,"date":"2025-12-11T07:03:00","date_gmt":"2025-12-11T07:03:00","guid":{"rendered":"https:\/\/www.europesays.com\/se\/102559\/"},"modified":"2025-12-11T07:03:00","modified_gmt":"2025-12-11T07:03:00","slug":"nya-uppgifter-om-misstankta-mordet-i-lulea-norrbottens-kuriren","status":"publish","type":"post","link":"https:\/\/www.europesays.com\/se\/102559\/","title":{"rendered":"Nya uppgifter om misst\u00e4nkta mordet i Lule\u00e5 &#8211; Norrbottens-Kuriren"},"content":{"rendered":"<ol>\n<li><a href=\"https:\/\/news.google.com\/rss\/articles\/CBMimAFBVV95cUxPajdJQ29ZSjRnSXZPVjUzdDRPeG0xdl8zbUpXNnc4U2NGd2xmLWtSLWVwNFhCTmoxVDRIRWZsamNyZjBxdnZsZVk4cVNuQm8xdjF6Z0c4LW5NS09qWlNENXFwaGh5NzlsNDFzNHJJRkx4RFpHSENqeWhuQnBLNU9heThablBuNlNKQmZGTlFiM2Y3aUZ0REFzWQ?oc=5\" target=\"_blank\" rel=\"nofollow noopener\">Nya uppgifter om misst\u00e4nkta mordet i Lule\u00e5<\/a>&nbsp;&nbsp;Norrbottens-Kuriren<\/li>\n<li><a href=\"https:\/\/news.google.com\/rss\/articles\/CBMiigFBVV95cUxNYUtWdFk0QXpqaENUa3Qzb184ZDZhT1pNUHAzelZRbGxEdjQxTUZaQUdYc0dSNW1OVWhCN0MyZnpDcmFQb0g1M2xuVXk3V052MEhWMXZDU08xV25PTjhFTGRhWjNDdGlSelZIbEVZQzRpdmp1M3lKUGwtX1BfSGVQX09TT213bS1POHc?oc=5\" target=\"_blank\" rel=\"nofollow noopener\">Hyresg\u00e4ster h\u00e4ktade f\u00f6r mord<\/a>&nbsp;&nbsp;Aftonbladet<\/li>\n<li><a href=\"https:\/\/news.google.com\/rss\/articles\/CBMimAFBVV95cUxPamN4dlhjUHhjTjBzcmk5STI3cGFKcHpsRWRERXJpNTVqb3htQmJEVk1EbXpGTG9xcUNyQ3FhSjFGd1hYR0dqNVFqOVpnTWtxemIxLU9WVTl0ZklGa054d0RWS0wxNFc4Rnd3QWJnWjhrOWNSRzRxZ3JkTmNfdGtHbGQyZDdsQTJYd2dpclJmM1lwcHA3d0ZQZQ?oc=5\" target=\"_blank\" rel=\"nofollow noopener\">H\u00e4ktad Lule\u00e5bo misst\u00e4nks ha m\u00f6rdat sin hyresv\u00e4rd<\/a>&nbsp;&nbsp;SVT Nyheter<\/li>\n<li><a href=\"https:\/\/news.google.com\/rss\/articles\/CBMiowFBVV95cUxOY255WkxaSWdrZVNTYUN6TUZHdlVaTFhBMmhhc1d2UWVTZ0hKdFBRb0p1QzNDVWNMVVNzWW1WQXlpRVREMHhlUUR6eEtZbWQzbzlnYXh4SmU4SmNQOFZlNmFJQWI1RW5mOXJoNWJpbXd1SEFyQWZQRTQ4MnQtcnoyV3N6Wnc0QzllNzVWVDc0cEszNXZhb2FsMFUtMTU0eG5vRnNR?oc=5\" target=\"_blank\" rel=\"nofollow noopener\">Benrester hittade i utbr\u00e4nd bil \u2013 grannfejd bakom mordmisstankarna<\/a>&nbsp;&nbsp;Sveriges Radio<\/li>\n<li><a href=\"https:\/\/news.google.com\/rss\/articles\/CBMimgFBVV95cUxOZHhJRmhja01IZUJLaXNxbGI3clpiem80c3RNMnRMQVBWWVppbUZZTWstTmtQTmU0aVVTSnpDSElPNU1kdXViNkVxMGhJOUZPNGlFdHdJQzdFb0E1STVQUXU3OGZfeXVSUWRLM215aDJDRkJ4VU51dFplZVlVTjBlRUFtNlAwUXVjUnJsd3pjWmZERWVQTHJKcHZ3?oc=5\" target=\"_blank\" rel=\"nofollow noopener\">G\u00f6ran ville vr\u00e4ka hyresg\u00e4sterna \u2013 nu misst\u00e4nks han vara m\u00f6rdad<\/a>&nbsp;&nbsp;NSD<\/li>\n<\/ol>\n","protected":false},"excerpt":{"rendered":"Nya uppgifter om misst\u00e4nkta mordet i Lule\u00e5&nbsp;&nbsp;Norrbottens-Kuriren Hyresg\u00e4ster h\u00e4ktade f\u00f6r mord&nbsp;&nbsp;Aftonbladet H\u00e4ktad Lule\u00e5bo misst\u00e4nks ha m\u00f6rdat sin hyresv\u00e4rd&nbsp;&nbsp;SVT&hellip;\n","protected":false},"author":2,"featured_media":102560,"comment_status":"","ping_status":"","sticky":false,"template":"","format":"standard","meta":{"footnotes":""},"categories":[5],"tags":[22,23,26,27,17,21,24,25,28,29,15,16,18,34,31,33,32,30,19,20],"class_list":{"0":"post-102559","1":"post","2":"type-post","3":"status-publish","4":"format-standard","5":"has-post-thumbnail","7":"category-rubriker","8":"tag-breaking-news","9":"tag-breakingnews","10":"tag-featured-news","11":"tag-featurednews","12":"tag-headlines","13":"tag-huvudnyheter","14":"tag-latest-news","15":"tag-latestnews","16":"tag-main-news","17":"tag-mainnews","18":"tag-news","19":"tag-nyheter","20":"tag-rubriker","21":"tag-se","22":"tag-svenska","23":"tag-sverige","24":"tag-sweden","25":"tag-swedish","26":"tag-top-stories","27":"tag-topstories"},"share_on_mastodon":{"url":"https:\/\/pubeurope.com\/@se\/115699659767711857","error":""},"_links":{"self":[{"href":"https:\/\/www.europesays.com\/se\/wp-json\/wp\/v2\/posts\/102559","targetHints":{"allow":["GET"]}}],"collection":[{"href":"https:\/\/www.europesays.com\/se\/wp-json\/wp\/v2\/posts"}],"about":[{"href":"https:\/\/www.europesays.com\/se\/wp-json\/wp\/v2\/types\/post"}],"author":[{"embeddable":true,"href":"https:\/\/www.europesays.com\/se\/wp-json\/wp\/v2\/users\/2"}],"replies":[{"embeddable":true,"href":"https:\/\/www.europesays.com\/se\/wp-json\/wp\/v2\/comments?post=102559"}],"version-history":[{"count":0,"href":"https:\/\/www.europesays.com\/se\/wp-json\/wp\/v2\/posts\/102559\/revisions"}],"wp:featuredmedia":[{"embeddable":true,"href":"https:\/\/www.europesays.com\/se\/wp-json\/wp\/v2\/media\/102560"}],"wp:attachment":[{"href":"https:\/\/www.europesays.com\/se\/wp-json\/wp\/v2\/media?parent=102559"}],"wp:term":[{"taxonomy":"category","embeddable":true,"href":"https:\/\/www.europesays.com\/se\/wp-json\/wp\/v2\/categories?post=102559"},{"taxonomy":"post_tag","embeddable":true,"href":"https:\/\/www.europesays.com\/se\/wp-json\/wp\/v2\/tags?post=102559"}],"curies":[{"name":"wp","href":"https:\/\/api.w.org\/{rel}","templated":true}]}}