{"id":102561,"date":"2025-12-11T07:05:08","date_gmt":"2025-12-11T07:05:08","guid":{"rendered":"https:\/\/www.europesays.com\/se\/102561\/"},"modified":"2025-12-11T07:05:08","modified_gmt":"2025-12-11T07:05:08","slug":"bjorn-ferrys-lyxkop-inte-billigt-skidskytte","status":"publish","type":"post","link":"https:\/\/www.europesays.com\/se\/102561\/","title":{"rendered":"Bj\u00f6rn Ferrys lyxk\u00f6p: \u201dInte billigt\u201d | Skidskytte"},"content":{"rendered":"<p>OS-medaljen vill Bj\u00f6rn Ferry g\u00e5 p\u00e5 jakt efter.\u00a0<\/p>\n<p>Men pengarna f\u00f6r bronset har han redan satt spr\u00e4tt p\u00e5.\u00a0<\/p>\n<p>Dock till frun Heidis f\u00f6rtret.\u00a0<\/p>\n<p>\u2013\u00a0Hon \u00e4r v\u00e4ldigt noga med det h\u00e4r med konsumtion, s\u00e4ger han.\u00a0<\/p>\n<p><img   alt=\"\"\/><\/p>\n<p>Ferry tror p\u00e5 svenska framg\u00e5ngar i OS.<\/p>\n<p>Foto: ANNA-KARIN NILSSON<\/p>\n<p>\u00d6ppna bild i helsk\u00e4rm<img loading=\"lazy\"   alt=\"\"\/><\/p>\n<p>Bj\u00f6rn Ferry g\u00f6r sitt elfte \u00e5r i Vinterstudion.<\/p>\n<p>Foto: ANNA-KARIN NILSSON<\/p>\n<p>\u00d6ppna bild i helsk\u00e4rm<img loading=\"lazy\"   alt=\"\"\/><\/p>\n<p>Bj\u00f6rn Ferry tillsammans med frun Heidi.<\/p>\n<p>Foto: JONAS EKSTR\u00d6MER\/TT \/ TT NYHETSBYR\u00c5N<\/p>\n<p>\u00d6ppna bild i helsk\u00e4rmArtikeln i korthet <\/p>\n<p> OS-medaljen fr\u00e5n 2010 har Bj\u00f6rn Ferry inte f\u00e5tt \u2013 men prispengarna \u00e4r spenderade<\/p>\n<p> Frun Heidi \u00e4r inte n\u00f6jd med lyxk\u00f6pet<\/p>\n<p> Ferry satsar p\u00e5 att bli Sveriges snabbaste 50-\u00e5ring<\/p>\n<p>Visa mer<\/p>\n<p><a href=\"https:\/\/www.expressen.se\/tagg\/person\/bjorn-ferry\/\" class=\"\" rel=\"nofollow noopener\" target=\"_blank\">Bj\u00f6rn Ferry<\/a> har sv\u00e5rt att h\u00e5lla r\u00e4kningen.\u00a0<\/p>\n<p>Vilken s\u00e4song i ordningen som skidskytteexpert \u00e4r det han inlett i SVT:s l\u00e5ngk\u00f6rare Vinterstudion egentligen?\u00a0<\/p>\n<p>Ansiktsuttrycket visar att han gr\u00e4ver djupt.\u00a0<\/p>\n<p>\u2013 Jadu.. Det m\u00e5ste bli elfte \u00e5ret. \u00a0<\/p>\n<p><strong>Vad \u00e4r det b\u00e4sta med ditt jobb?<\/strong><\/p>\n<p>\u2013 Det \u00e4r nog att ha kvar en fot i sporten som man \u00e4nd\u00e5 h\u00e5llit p\u00e5 med hela livet. D\u00e5 finns det massa olika roller man kan ha, men om jag f\u00e5r v\u00e4lja helt fritt s\u00e5 skulle jag s\u00e4ga att f\u00f6r mig \u00e4r det h\u00e4r den b\u00e4sta.\u00a0<\/p>\n<p>Att mysa i en studio \u00e4r b\u00e4ttre \u00e4n att bl\u00e4nga i en kikare hela dagarna konstaterar han, sen f\u00e5r han ihop \u00f6vriga livet ocks\u00e5.\u00a0<\/p>\n<p>Tillsammans med Ola Br\u00e4nholm guidar han tittarna genom skidskyttet\u00e4vlingarna, men att ta \u00f6ver efter Christer Ulfb\u00e5ge och Kalle Grenemark kr\u00e4vde sin tid.\u00a0<\/p>\n<p>\u2013 Jag vet sj\u00e4lv n\u00e4r man tittade p\u00e5 tv som liten och s\u00e5g (Arne) Hegerfors och Ankan Parmstr\u00f6m kommentera hockey och sen bytte de. D\u00e5 blev man sur. Det blir en s\u00e5n d\u00e4r vana, att det ska l\u00e5ta p\u00e5 ett visst s\u00e4tt. Och nu har vi h\u00e5llit p\u00e5 i tio \u00e5r, s\u00e5 f\u00f6r m\u00e5nga blir det nog s\u00e5.<\/p>\n<p>\u2013 I b\u00f6rjan s\u00e5 saknar alla Ulfb\u00e5ge. Nu g\u00f6r de v\u00e4l inte det, eller n\u00e5gon kanske g\u00f6r det fortfarande, men h\u00e5ller vi p\u00e5 s\u00e5 l\u00e4nge s\u00e5 blir det som en vana. Det \u00e4r nog mer det \u00e4n att man \u00e4r bra, det k\u00e4nns tryggt. En hemmak\u00e4nsla hos folk.<\/p>\n<p>\u201dM\u00e5nga har gl\u00f6mt bort det\u201d<\/p>\n<p>Under v\u00e4rldscupt\u00e4vlingarna i \u00d6stersund var Bj\u00f6rn Ferry p\u00e5 plats, resten av s\u00e4songen blir dock i tv-huset i Stockholm. Och OS i februari s\u00e4nder TV4.\u00a0<\/p>\n<p><strong>Har du f\u00e5tt n\u00e5gra reaktioner p\u00e5 att SVT inte har skidskyttet?<\/strong><\/p>\n<p>\u2013 Jo, det har jag f\u00e5tt. Men jag tror m\u00e5nga har gl\u00f6mt bort det. S\u00e5 de tror att det \u00e4r vi som ska k\u00f6ra, s\u00e5 de l\u00e4r bli besvikna snart.<\/p>\n<p><strong>Hur p\u00e5verkas din roll n\u00e4r ni inte har OS-t\u00e4vlingarna?<\/strong><\/p>\n<p>\u2013 Det vet jag inte. Jag \u00e4r nog lite frispelare delvis, men mest kopplat till skidskytte givetvis. Och jag har sv\u00e5rt att tro att man kommer sitta i studion precis hela dagen.\u00a0<\/p>\n<p><strong>Hade du velat vara p\u00e5 plats?<\/strong><\/p>\n<p>\u2013 Som det \u00e4r nu, i det vi ska g\u00f6ra, s\u00e5 kan jag lika g\u00e4rna vara h\u00e4r. Jag tror att jag g\u00f6r st\u00f6rre nytta h\u00e4r \u00e4n att vara som en flygande reporter p\u00e5 n\u00e5got s\u00e4tt.<\/p>\n<p><img loading=\"lazy\"   alt=\"\"\/><\/p>\n<p>Samuelsson, Ponsiluoma och \u00d6bergx2 fick OS-biljett tidigt.<\/p>\n<p>Foto: JOEL MARKLUND \/ BILDBYR\u00c5N<\/p>\n<p>\u00d6ppna bild i helsk\u00e4rm<\/p>\n<p>Bj\u00f6rn Ferry tror att Sverige har goda chanser under OS.\u00a0<\/p>\n<p>\u2013 De \u00e4r p\u00e5 sin peak, b\u00e5de (Sebastian) Samuelsson och (Martin) Ponsiluoma och p\u00e5 damsidan systrarna (Hanna och Elvira) \u00d6berg. De \u00e4r uppe p\u00e5 n\u00e5gon form av plat\u00e5 d\u00e4r de ska kunna prestera som b\u00e4st.<\/p>\n<p>Annons<\/p>\n<p>Han menar till och med att detta skulle kunna vara deras livs m\u00f6jlighet.<\/p>\n<p>\u2013 Jag tror inte att det finns n\u00e5got b\u00e4ttre tillf\u00e4lle f\u00f6r dem, i sina karri\u00e4rer, att ha ett OS.<\/p>\n<p>P\u00e5 damsidan \u00e4r konkurrensen stenh\u00e5rd i det svenska landslaget. N\u00e4r Bj\u00f6rn Ferry plockar p\u00e5 sig hatten som f\u00f6rbundskaptenen g\u00e5r tankarna p\u00e5 h\u00f6gvarv.\u00a0<\/p>\n<p>\u2013 D\u00e5 \u00e4r det mitt ansvar att leverera s\u00e5 m\u00e5nga medaljer som m\u00f6jligt p\u00e5 ett OS och d\u00e5 f\u00f6rs\u00f6ker man se till vilka de \u00e4r som har b\u00e4st f\u00f6ruts\u00e4ttningar att lyckas.\u00a0<\/p>\n<p>Han landar i att det kommer bli en fr\u00e5ga om tajming, den som \u00e4r i form borde f\u00e5 k\u00f6ra OS. Men han ser ett lyxproblem.\u00a0<\/p>\n<p>\u2013 Det \u00e4r som att det \u00e4r en eller tv\u00e5 f\u00f6r m\u00e5nga som \u00e4r bra. F\u00f6r det \u00e4r jobbigt att ha en situation d\u00e4r du i dina b\u00e4sta stunder egentligen har kapacitet att ta en individuell OS-medalj, men det kan vara s\u00e5 att du inte ens f\u00e5r \u00e5ka till OS. Det \u00e4r det som \u00e4r, tycker jag, det jobbiga.<\/p>\n<p><img loading=\"lazy\"   alt=\"\"\/><\/p>\n<p>Ferry tog guld p\u00e5 OS i Vancouver 2010.<\/p>\n<p>Foto: DANIEL NILSSON \/ \u00a9 BILDBYR\u00c5N<\/p>\n<p>\u00d6ppna bild i helsk\u00e4rm<\/p>\n<p><strong>F\u00f6rresten, hur g\u00e5r det med din OS-medalj egentligen?\u00a0<\/strong><\/p>\n<p>\u2013 Jag har inte h\u00f6rt n\u00e5gonting om den.<\/p>\n<p>Han suckar fundersamt.\u00a0<\/p>\n<p>Sverige v\u00e4ntar n\u00e4mligen p\u00e5 en bronsmedalj sedan Ryssland diskvalificerats fr\u00e5n OS-stafetten 2010 till f\u00f6ljd av dopnings\u00f6vertr\u00e4delser. VM-bronset fick de i l\u00f6rdags i \u00d6stersund.<\/p>\n<p>\u2013 Det \u00e4r lite sp\u00e4nnande med dessa medaljer, f\u00f6r i Vancouver var det som ett stort konstverk som alla medaljer var utskurna ur. Alla var individuella och s\u00e5g unika ut.\u00a0<\/p>\n<p>\u2013 S\u00e5 jag t\u00e4nker, h\u00e4mtar de upp dem i Ryssland? Eller l\u00e5tsas g\u00f6r man nya? Hur g\u00f6r man? Hur f\u00e5r man tag i dem? Jakten p\u00e5 medaljerna, helt enkelt. Det har g\u00e5tt lite l\u00e5ng tid fr\u00e5n att det blev ett beslut till, jaha, var \u00e4r de d\u00e5?<\/p>\n<p>Pengarna har han d\u00e4remot redan hunnit spendera.\u00a0<\/p>\n<p>\u2013 Delvis. IBU, internationella skidskytte f\u00f6rbundet, var snabba. De har skrivit om alla listor och skickat pengarna. S\u00e5 nu har jag en laktatm\u00e4tare.<\/p>\n<p><strong>Vad tyckte frun om det?<\/strong><\/p>\n<p>\u2013 Hon gillar ju..\u00a0<\/p>\n<p>\u2013\u00a0Hon \u00e4r v\u00e4ldigt noga med det h\u00e4r med konsumtion, s\u00e5 man ska inte k\u00f6pa on\u00f6diga saker. Men nu n\u00e4r jag har b\u00f6rjat med min l\u00f6psatsning s\u00e5 har det blivit b\u00e5de en ny pulsklocka, jag hade min begagnad fr\u00e5n 2010 f\u00f6rut, och nu har jag en laktatm\u00e4tare och skor ocks\u00e5. Hon har v\u00e4l knorrat lite grann.<\/p>\n<p>Bj\u00f6rn Ferry satsar mot att bli Sveriges snabbaste 50-\u00e5ring i l\u00f6parsp\u00e5ret, d\u00e5 kr\u00e4vs det utrustning \u2013 \u00e4ven om laktatm\u00e4taren \u00e4r k\u00e4nslig. \u00a0<\/p>\n<p>\u2013 Den klarar inte minusgrader, men anv\u00e4nds p\u00e5 bandet. D\u00e4remot \u00e4r remsorna man anv\u00e4nder till dyra, de kostar 50 kronor per test. S\u00e5 det \u00e4r inte billigt. Men nu b\u00f6rjar jag ha koll p\u00e5 min tr\u00f6skelfart s\u00e5 jag kan tr\u00e4na rationellt mot 2028.<\/p>\n<p><strong>L\u00c4S MER: <\/strong><a href=\"https:\/\/www.expressen.se\/sport\/skidskytte\/jo-anmals-efter-samarbetet-med-bjorn-ferry\/\" class=\"\" rel=\"nofollow noopener\" target=\"_blank\">JO-anm\u00e4ls \u2013 efter samarbete med Bj\u00f6rn Ferry<\/a><\/p>\n","protected":false},"excerpt":{"rendered":"OS-medaljen vill Bj\u00f6rn Ferry g\u00e5 p\u00e5 jakt efter.\u00a0 Men pengarna f\u00f6r bronset har han redan satt spr\u00e4tt p\u00e5.\u00a0&hellip;\n","protected":false},"author":2,"featured_media":102562,"comment_status":"","ping_status":"","sticky":false,"template":"","format":"standard","meta":{"footnotes":""},"categories":[68],"tags":[11462,34,945,111,110,31,33,32,30],"class_list":{"0":"post-102561","1":"post","2":"type-post","3":"status-publish","4":"format-standard","5":"has-post-thumbnail","7":"category-sport","8":"tag-person-bjorn-ferry","9":"tag-se","10":"tag-sections-skidskytte","11":"tag-sport","12":"tag-sports","13":"tag-svenska","14":"tag-sverige","15":"tag-sweden","16":"tag-swedish"},"share_on_mastodon":{"url":"https:\/\/pubeurope.com\/@se\/115699667569826505","error":""},"_links":{"self":[{"href":"https:\/\/www.europesays.com\/se\/wp-json\/wp\/v2\/posts\/102561","targetHints":{"allow":["GET"]}}],"collection":[{"href":"https:\/\/www.europesays.com\/se\/wp-json\/wp\/v2\/posts"}],"about":[{"href":"https:\/\/www.europesays.com\/se\/wp-json\/wp\/v2\/types\/post"}],"author":[{"embeddable":true,"href":"https:\/\/www.europesays.com\/se\/wp-json\/wp\/v2\/users\/2"}],"replies":[{"embeddable":true,"href":"https:\/\/www.europesays.com\/se\/wp-json\/wp\/v2\/comments?post=102561"}],"version-history":[{"count":0,"href":"https:\/\/www.europesays.com\/se\/wp-json\/wp\/v2\/posts\/102561\/revisions"}],"wp:featuredmedia":[{"embeddable":true,"href":"https:\/\/www.europesays.com\/se\/wp-json\/wp\/v2\/media\/102562"}],"wp:attachment":[{"href":"https:\/\/www.europesays.com\/se\/wp-json\/wp\/v2\/media?parent=102561"}],"wp:term":[{"taxonomy":"category","embeddable":true,"href":"https:\/\/www.europesays.com\/se\/wp-json\/wp\/v2\/categories?post=102561"},{"taxonomy":"post_tag","embeddable":true,"href":"https:\/\/www.europesays.com\/se\/wp-json\/wp\/v2\/tags?post=102561"}],"curies":[{"name":"wp","href":"https:\/\/api.w.org\/{rel}","templated":true}]}}