{"id":102568,"date":"2025-12-11T07:16:21","date_gmt":"2025-12-11T07:16:21","guid":{"rendered":"https:\/\/www.europesays.com\/se\/102568\/"},"modified":"2025-12-11T07:16:21","modified_gmt":"2025-12-11T07:16:21","slug":"test-fairphone-6-modular-mobil-med-fokus-pa-hallbarhet","status":"publish","type":"post","link":"https:\/\/www.europesays.com\/se\/102568\/","title":{"rendered":"Test: Fairphone 6 \u2013 modul\u00e4r mobil med fokus p\u00e5 h\u00e5llbarhet"},"content":{"rendered":"<p><img decoding=\"async\" class=\"review-logo\" src=\"https:\/\/www.m3.se\/wp-content\/uploads\/2023\/05\/M3_Recommended.svg\" alt=\"Editors' Choice\" loading=\"lazy\"\/>SammanfattningExpertbetyg<\/p>\n<p>F\u00f6rdelar<\/p>\n<ul class=\"wp-block-list\">\n<li>Underbar design<\/li>\n<li>De modul\u00e4ra tillbeh\u00f6ren<\/li>\n<li>Fairphone Moments<\/li>\n<li>Branschledande st\u00f6d f\u00f6r programvara<\/li>\n<\/ul>\n<p>Nackdelar<\/p>\n<ul class=\"wp-block-list\">\n<li>Begr\u00e4nsad prestanda<\/li>\n<li>Underm\u00e5liga kameror<\/li>\n<li>Automatisk ljusstyrka fungerar inte som t\u00e4nkt<\/li>\n<\/ul>\n<p>Omd\u00f6me <\/p>\n<p>Med en snabbare uppdateringsfrekvens, nya modul\u00e4ra tillbeh\u00f6r och briljant mjukvara som prioriterar mentalt v\u00e4lbefinnande g\u00f6r Fairphone 6 mycket r\u00e4tt. Den l\u00e5ngsamma processorn och de inkonsekventa kamerorna h\u00e5ller tillbaka mobilen, men de \u00e4r en del av kompromissen f\u00f6r en mobil med fokus p\u00e5 h\u00e5llbarhet.<\/p>\n<p>Pris n\u00e4r den granskades<\/p>\n<p>This value will show the geolocated pricing text for product undefined<\/p>\n<p>B\u00e4sta priss\u00e4ttning idag<\/p>\n<p>Pris vid testtillf\u00e4llet<\/p>\n<p>899<\/p>\n<p>Det finns n\u00e5gra mobiltillverkare som ofta lyfter sitt milj\u00f6t\u00e4nk, men Fairphone 6 \u00e4r den enda luren som verkligen lever upp till det.<\/p>\n<p>Fairphone har gjort sig k\u00e4nda f\u00f6r sitt fokus p\u00e5 h\u00e5llbar teknik. Tv\u00e5 \u00e5r har nu g\u00e5tt sedan de lanserade Fairphone 5, och nu \u00e4r de tillbaka med sin Gen 6-modell, med \u00f6vergripande f\u00f6rb\u00e4ttringar f\u00f6r anv\u00e4ndbarheten.<\/p>\n<p>Design och konstruktion<\/p>\n<p>Jag fastnade direkt f\u00f6r designen p\u00e5 Fairphone 6. Tack vare sin lagom stora sk\u00e4rm sitter mobilen bra i handen. Gorilla Glass 7i ska f\u00f6rhindra att repor p\u00e5 framsidan, och sj\u00e4lva mobilen \u00e4r ip55-klassad. Fairphone 6 har dessutom en fem\u00e5rsgaranti. Mobilen finns i tre f\u00e4rger: svart, gr\u00f6n och vit.<\/p>\n<p><img decoding=\"async\" data-wp-class--hide=\"state.isContentHidden\" data-wp-class--show=\"state.isContentVisible\" data-wp-init=\"callbacks.setButtonStyles\" data-wp-on-async--click=\"actions.showLightbox\" data-wp-on-async--load=\"callbacks.setButtonStyles\" data-wp-on-async-window--resize=\"callbacks.setButtonStyles\" src=\"https:\/\/www.europesays.com\/se\/wp-content\/uploads\/2025\/12\/Fairphone-Gen-6-6.jpg\" alt=\"Fairphone Gen 6 and a PS5 controller\" class=\"wp-image-2850882\"  width=\"1200\" height=\"674\"  loading=\"lazy\"\/><\/p>\n<p class=\"imageCredit\">Thomas Deehan \/ Foundry<\/p>\n<p>Fairphone 6 \u00e4r s\u00e5 klart ocks\u00e5 mycket l\u00e4tt att ta is\u00e4r. Det finns tv\u00e5 sm\u00e5 skruvar p\u00e5 baksidan som kan tas ut med en s\u00e4rskild skruvmejsel. N\u00e4r de har tagits bort glider baksidan av och sen \u00e4r det bara fritt fram att byta ut batteriet. Det \u00e4r ocks\u00e5 m\u00f6jligt att l\u00e4gga till ett av flera modul\u00e4ra tillbeh\u00f6r som s\u00e4ljs separat. Det finns ett bra urval att b\u00f6rja med, och jag ser fram emot vad mer Fairphone kan ta fram.<\/p>\n<p>N\u00e5got som f\u00f6rv\u00e5nade mig med designen var att  str\u00f6m- och volymknapparna sitter l\u00e4ngre ner \u00e4n vad de brukar p\u00e5 de flesta mobiler, men det tog inte l\u00e5ng tid att v\u00e4nja sig.<\/p>\n<p>Sk\u00e4rm och h\u00f6gtalare<\/p>\n<p>Fairphone 6 har f\u00e5tt sig en liten prish\u00f6jning, men har \u00e4ven \u00e4ntligen tagit steget till en 120 Hz lpto-sk\u00e4rm p\u00e5 6,31 tum.<\/p>\n<p><img decoding=\"async\" data-wp-class--hide=\"state.isContentHidden\" data-wp-class--show=\"state.isContentVisible\" data-wp-init=\"callbacks.setButtonStyles\" data-wp-on-async--click=\"actions.showLightbox\" data-wp-on-async--load=\"callbacks.setButtonStyles\" data-wp-on-async-window--resize=\"callbacks.setButtonStyles\" src=\"https:\/\/www.europesays.com\/se\/wp-content\/uploads\/2025\/12\/Fairphone-Gen-6-1.jpg\" alt=\"Fairphone Gen 6 display\" class=\"wp-image-2850877\"  width=\"1200\" height=\"674\"  loading=\"lazy\"\/><\/p>\n<p class=\"imageCredit\">Thomas Deehan \/ Foundry<\/p>\n<p>Sk\u00e4rmen \u00e4r n\u00e5got mindre \u00e4n f\u00f6reg\u00e5ngarens, men jag \u00e4r n\u00f6jd med f\u00f6r\u00e4ndringen. Det \u00e4r faktiskt sk\u00f6nare att anv\u00e4nda mobilen med en hand nu.<\/p>\n<p>Den maximala ljusstyrkan ligger p\u00e5 1400 candela per kvadratmeter och sk\u00e4rmen \u00e4r l\u00e4ttl\u00e4st i direkt solljus. Tyv\u00e4rr \u00e4r den automatiska ljusstyrkan helt v\u00e4rdel\u00f6s \u2013 jag st\u00e4ngde snabbt av den.<\/p>\n<p>N\u00e4r det g\u00e4ller ljudet har Fairphone 6 stereoh\u00f6gtalare. Det \u00e4r inte lika h\u00f6gt som hos andra mobiler, och f\u00f6rv\u00e4nta dig inte mycket detaljer i basljudet.<\/p>\n<p>Specifikationer och prestanda<\/p>\n<p>Systemkretsen har alltid varit n\u00e5got som h\u00e5llit tillbaka Fairphone-mobiler, och tyv\u00e4rr g\u00e4ller det \u00e4ven f\u00f6r Fairphone 6. Mobilen har nu uppgraderat till Snapdragon 7s Gen 3, men det \u00e4r knappast ett stort spr\u00e5ng. Med tanke p\u00e5 att Snapdragon 8s Gen 3 redan b\u00f6rjat visa sin \u00e5lder, k\u00e4nns 7s nu riktigt gammal.<\/p>\n<p><img decoding=\"async\" data-wp-class--hide=\"state.isContentHidden\" data-wp-class--show=\"state.isContentVisible\" data-wp-init=\"callbacks.setButtonStyles\" data-wp-on-async--click=\"actions.showLightbox\" data-wp-on-async--load=\"callbacks.setButtonStyles\" data-wp-on-async-window--resize=\"callbacks.setButtonStyles\" src=\"https:\/\/www.europesays.com\/se\/wp-content\/uploads\/2025\/12\/Fairphone-Gen-6-7.jpg\" alt=\"Fairphone Gen 6 Call of Duty Mobile\" class=\"wp-image-2850879\"  width=\"1200\" height=\"674\"  loading=\"lazy\"\/><\/p>\n<p class=\"imageCredit\">Thomas Deehan \/ Foundry<\/p>\n<p>Mobilen saktade ofta ned n\u00e4r jag bl\u00e4ddrade runt i menyer, men app-prestandan \u00e4r sn\u00e4ppet b\u00e4ttre och det g\u00e5r att spela vissa spel. Jag m\u00e4rkte \u00e4ven av att Fairphone 6 trots sitt 5g-st\u00f6d ofta ist\u00e4llet valde en 4g-anslutning.<\/p>\n<p>Kompromisserna i prestanda k\u00e4nns dock som r\u00e4ttvisa med tanke p\u00e5 fokuset p\u00e5 h\u00e5llbarhet. Det finns ingen annan mobil som enkelt l\u00e5ter dig byta ut allt fr\u00e5n batteriet till kamerasensorerna. Det \u00e4r dock kanske dags f\u00f6r Fairphone att ta fram en Pro-modell.<\/p>\n<p><img decoding=\"async\" data-wp-class--hide=\"state.isContentHidden\" data-wp-class--show=\"state.isContentVisible\" data-wp-init=\"callbacks.setButtonStyles\" data-wp-on-async--click=\"actions.showLightbox\" data-wp-on-async--load=\"callbacks.setButtonStyles\" data-wp-on-async-window--resize=\"callbacks.setButtonStyles\" src=\"https:\/\/www.europesays.com\/se\/wp-content\/uploads\/2025\/12\/Fairphone-Gen-6-5.jpg\" alt=\"Fairphone Gen 6 Cameras and Switch button\" class=\"wp-image-2850876\"  width=\"1200\" height=\"674\"  loading=\"lazy\"\/><\/p>\n<p class=\"imageCredit\">Thomas Deehan \/ Foundry<\/p>\n<p>Kameror<\/p>\n<p>Det har skett n\u00e5gra f\u00f6r\u00e4ndringar av kamerorna i Fairphone 6, tyv\u00e4rr med ett lite blandat resultat. Det finns fortfarande en 50 MP vidvinkellins, men bl\u00e4ndaren \u00e4r nu n\u00e5got st\u00f6rre. Ultravidvinkelsensorn har sjunkit fr\u00e5n 50- till 13 MP. Men det \u00e4r m\u00f6jligt att ta n\u00e5gra fantastiska bilder under r\u00e4tt f\u00f6rh\u00e5llanden.<\/p>\n<p>Oftast s\u00e5g de bilder jag tog dock lite urtv\u00e4ttade ut. I exemplet nedan f\u00f6rsvinner f\u00e4rgen p\u00e5 h\u00e4starna i skuggan och himlen ser inte alls r\u00e4tt ut. Jag uppt\u00e4ckte ett liknande problem n\u00e4r jag tog en ultrabred bild med en gr\u00e5 himmel.<\/p>\n<ul class=\"wp-block-jetpack-slideshow_swiper-wrapper swiper-wrapper\">\n<li class=\"wp-block-jetpack-slideshow_slide swiper-slide\"><img decoding=\"async\" alt=\"\" class=\"wp-block-jetpack-slideshow_image wp-image-2853351\" data-id=\"2853351\" src=\"https:\/\/www.europesays.com\/se\/wp-content\/uploads\/2025\/12\/Fairphone-Gen-6-Picture-Sample-10.jpg\" loading=\"lazy\"\/><\/li>\n<li class=\"wp-block-jetpack-slideshow_slide swiper-slide\"><img decoding=\"async\" alt=\"Fairphone Gen 6 Picture Sample 9\" class=\"wp-block-jetpack-slideshow_image wp-image-2853346\" data-id=\"2853346\" src=\"https:\/\/www.europesays.com\/se\/wp-content\/uploads\/2025\/12\/Fairphone-Gen-6-Picture-Sample-9.jpg\" loading=\"lazy\"\/><\/li>\n<\/ul>\n<p><a class=\"wp-block-jetpack-slideshow_button-prev swiper-button-prev swiper-button-white\" role=\"button\"\/><a class=\"wp-block-jetpack-slideshow_button-next swiper-button-next swiper-button-white\" role=\"button\"\/><a aria-label=\"Pause Slideshow\" class=\"wp-block-jetpack-slideshow_button-pause\" role=\"button\"\/><\/p>\n<p>Det finns ett Super Night-l\u00e4ge som g\u00f6r ett helt okej jobb med att ta bilder i m\u00f6rker. Tack och lov \u00e4r selfie-kameran en styrkepunkt. Trots att den ocks\u00e5 har nedgraderats fr\u00e5n 50 till 32 MP hade jag inga problem att ta bra selfies.<\/p>\n<ul class=\"wp-block-jetpack-slideshow_swiper-wrapper swiper-wrapper\">\n<li class=\"wp-block-jetpack-slideshow_slide swiper-slide\"><img decoding=\"async\" alt=\"Fairphone Gen 6 Picture Sample 8\" class=\"wp-block-jetpack-slideshow_image wp-image-2853344\" data-id=\"2853344\" src=\"https:\/\/www.europesays.com\/se\/wp-content\/uploads\/2025\/12\/Fairphone-Gen-6-Picture-Sample-8.jpg\" loading=\"lazy\"\/><\/li>\n<li class=\"wp-block-jetpack-slideshow_slide swiper-slide\"><img decoding=\"async\" alt=\"Fairphone Gen 6 Picture Sample 7\" class=\"wp-block-jetpack-slideshow_image wp-image-2853345\" data-id=\"2853345\" src=\"https:\/\/www.europesays.com\/se\/wp-content\/uploads\/2025\/12\/Fairphone-Gen-6-Picture-Sample-7.jpg\" loading=\"lazy\"\/><\/li>\n<\/ul>\n<p><a class=\"wp-block-jetpack-slideshow_button-prev swiper-button-prev swiper-button-white\" role=\"button\"\/><a class=\"wp-block-jetpack-slideshow_button-next swiper-button-next swiper-button-white\" role=\"button\"\/><a aria-label=\"Pause Slideshow\" class=\"wp-block-jetpack-slideshow_button-pause\" role=\"button\"\/><\/p>\n<p>Batteritid och laddning<\/p>\n<p>Du l\u00e4r inte beh\u00f6va byta ut batteriet i Fairphone 6 i f\u00f6rsta hand. Det \u00e4r p\u00e5 4 415 mAh och ska under r\u00e4tt omst\u00e4ndigheter ge dig upp till tv\u00e5 dagars anv\u00e4ndning. De flesta dagarna hade jag mer \u00e4n h\u00e4lften kvar av laddningen n\u00e4r jag gick till s\u00e4ngs, men d\u00e5 anv\u00e4nde jag ocks\u00e5 mobiltelefonen mest till att surfa p\u00e5 sociala medier och svara p\u00e5 meddelanden.<\/p>\n<p><img decoding=\"async\" data-wp-class--hide=\"state.isContentHidden\" data-wp-class--show=\"state.isContentVisible\" data-wp-init=\"callbacks.setButtonStyles\" data-wp-on-async--click=\"actions.showLightbox\" data-wp-on-async--load=\"callbacks.setButtonStyles\" data-wp-on-async-window--resize=\"callbacks.setButtonStyles\" src=\"https:\/\/www.europesays.com\/se\/wp-content\/uploads\/2025\/12\/Fairphone-Gen-6-4.jpg\" alt=\"Fairphone Gen 6 Battery life\" class=\"wp-image-2850878\"  width=\"1200\" height=\"674\"  loading=\"lazy\"\/><\/p>\n<p class=\"imageCredit\">Thomas Deehan \/ Foundry<\/p>\n<p>N\u00e4r jag satte Fairphone 6 p\u00e5 prov med h\u00e5rdare anv\u00e4ndning klarade sig mobilen fr\u00e5n klockan 9.30 till 11.30 med 24 procent kvar.<\/p>\n<p>Det \u00e4r inte alls illa f\u00f6r ett batteri i den h\u00e4r storleken. Dessutom beh\u00f6ver du inte v\u00e4nta l\u00e4nge n\u00e4r det v\u00e4l \u00e4r dags att ladda. Mobilen har st\u00f6d f\u00f6r 30 watt tr\u00e5dad laddning, som p\u00e5 en halvtimme laddar fr\u00e5n 0 till 55 procent.<\/p>\n<p>Programvara och appar<\/p>\n<p>En av sakerna som Fairphone 6 erbjuder i sin prisklass \u00e4r f\u00f6retagets \u00e5terh\u00e5llsamma Android-strategi. Det finns inget on\u00f6digt extra och upplevelsen ligger n\u00e4ra den i Googles Pixel-mobiler.<\/p>\n<p>Det finns i princip ingen bloatware, vilket sticker ut i mellanklassen d\u00e4r tillverkare ofta fyller p\u00e5 med extramjukvara f\u00f6r att h\u00e5lla priset nere. Den enda appen som ing\u00e5r fr\u00e5n start \u00e4r Fairphone-appen, och den anv\u00e4nds f\u00f6r att kontrollera din garanti, best\u00e4lla reservdelar och titta p\u00e5 guider n\u00e4r du vill byta ut komponenter. Det \u00e4r en v\u00e4ldesignad och v\u00e4lkommen app.<\/p>\n<p><img decoding=\"async\" data-wp-class--hide=\"state.isContentHidden\" data-wp-class--show=\"state.isContentVisible\" data-wp-init=\"callbacks.setButtonStyles\" data-wp-on-async--click=\"actions.showLightbox\" data-wp-on-async--load=\"callbacks.setButtonStyles\" data-wp-on-async-window--resize=\"callbacks.setButtonStyles\" src=\"https:\/\/www.europesays.com\/se\/wp-content\/uploads\/2025\/12\/Fairphone-Gen-6-3.jpg\" alt=\"Fairphone Gen 6 Switch button\" class=\"wp-image-2850883\"  width=\"1200\" height=\"674\"  loading=\"lazy\"\/><\/p>\n<p class=\"imageCredit\">Thomas Deehan \/ Foundry<\/p>\n<p>Fairphones nya funktion Moments uppmuntrar dig till att spendera mindre tid med din mobil. Du aktiverar den med den gula knappen p\u00e5 sidan av telefonen, och det ger dig en ny startsida d\u00e4r du bara har tillg\u00e5ng till fem appar \u00e5t g\u00e5ngen. Det \u00e4r perfekt n\u00e4r du f\u00f6rs\u00f6ker fokusera p\u00e5 jobbet och inte vill bli distraherad av sociala medier. Du kan dessutom skapa flera \u201cmoments\u201d f\u00f6r olika tillf\u00e4llen.<\/p>\n<p>P\u00e5 mjukvarufronten imponerar Fairphone med ett l\u00f6fte om \u00e5tta \u00e5rs support, inklusive b\u00e5de s\u00e4kerhetsuppdateringar och Android-uppgraderingar.<\/p>\n<p><img decoding=\"async\" data-wp-class--hide=\"state.isContentHidden\" data-wp-class--show=\"state.isContentVisible\" data-wp-init=\"callbacks.setButtonStyles\" data-wp-on-async--click=\"actions.showLightbox\" data-wp-on-async--load=\"callbacks.setButtonStyles\" data-wp-on-async-window--resize=\"callbacks.setButtonStyles\" src=\"https:\/\/www.europesays.com\/se\/wp-content\/uploads\/2025\/12\/Fairphone-Gen-6-2.jpg\" alt=\"Fairphone Gen 6 company app\" class=\"wp-image-2850881\"  width=\"1200\" height=\"674\"  loading=\"lazy\"\/><\/p>\n<p class=\"imageCredit\">Thomas Deehan \/ Foundry<\/p>\n<p>B\u00f6r du k\u00f6pa Fairphone 6?<\/p>\n<p>Jag \u00e4lskar Fairphone 6. \u00c4ven om prestandan l\u00e4mnar lite att \u00f6nska, \u00e4r det en kompromiss jag kan t\u00e5la med tanke p\u00e5 hur enkelt det \u00e4r att byta ut alla delar i mobilen, samt det faktum att du f\u00e5r en fem\u00e5rsgaranti samt klassledande mjukvarusupport.<\/p>\n<p>De nya tillbeh\u00f6ren \u00e4r ocks\u00e5 en rolig id\u00e9. Fairphone Moments hj\u00e4lper dig dessutom prioritera ditt mentala v\u00e4lm\u00e5ende med ett enkelt klick. <\/p>\n<p>Jag hade \u00f6nskat att huvudkameran vore b\u00e4ttre, men selfie-kameran \u00e4r perfekt f\u00f6r sociala tillf\u00e4llen. Batteritiden r\u00e4cker l\u00e4nge och telefonen laddar otroligt snabbt.<\/p>\n<p>Om h\u00e5llbarhet, reparerbarhet och l\u00e5ng livsl\u00e4ngd \u00e4r viktigt f\u00f6r dig \u00e4r Fairphone 6 ett bra val.<\/p>\n<p class=\"has-text-align-center\"><img decoding=\"async\" class=\"wp-image-2831650\" style=\"width: NaNpx\" src=\"https:\/\/www.europesays.com\/se\/wp-content\/uploads\/2025\/08\/111_fb8c72.webp.png\" alt=\"M3 rekommenderar\" loading=\"lazy\"\/><\/p>\n<p>Specifikationer<\/p>\n<p><strong>Operativsystem<\/strong>: Android 15 med 8 \u00e5rs uppdateringar<br \/><strong>Bildsk\u00e4rm<\/strong>: 6,31-tums p-oled-sk\u00e4rm, 120 Hz uppdateringsfrekvens, 1400 cd\/m2 maximal ljusstyrka, Gorilla glass 7i<br \/><strong>Processor<\/strong>: Snapdragon 7s Gen 3<br \/><strong>Kameror<\/strong>: 50 MP 1\/1,56 tum huvudkamera, 13MP 1\/3,06 tum ultravid kamera, 2 MP selfie-kamera<br \/><strong>Lagring<\/strong>: 256 GB<br \/><strong>Minne<\/strong>: 8 GB<br \/><strong>Batteri<\/strong>: 4 415 mAh l\u00f6stagbart, 30 W laddning<br \/><strong>\u00d6vrigt<\/strong>: ip55<br \/><strong>Storlek<\/strong>: 156,5 x 73,3 x 9,6 mm<br \/><strong>Vikt<\/strong>: 193 g<\/p>\n<p><strong>Betyg: <\/strong>4 av 5<br \/><img decoding=\"async\" class=\"wp-image-2881852\" style=\"width: NaNpx\" src=\"https:\/\/www.europesays.com\/se\/wp-content\/uploads\/2025\/08\/7_b86c74.png\" alt=\"Betyg 4\" loading=\"lazy\"\/><\/p>\n<p>Den h\u00e4r artikeln \u00e4r \u00f6versatt och bearbetad av Kristian Kask.<\/p>\n<p>Den h\u00e4r artikeln \u00e4r ursprungligen fr\u00e5n v\u00e5r systerpublikation <a href=\"https:\/\/www.techadvisor.com\" rel=\"noreferrer noopener nofollow\" target=\"_blank\">Tech Advisor<\/a> och \u00f6versattes fr\u00e5n engelska.<\/p>\n","protected":false},"excerpt":{"rendered":"SammanfattningExpertbetyg F\u00f6rdelar Underbar design De modul\u00e4ra tillbeh\u00f6ren Fairphone Moments Branschledande st\u00f6d f\u00f6r programvara Nackdelar Begr\u00e4nsad prestanda Underm\u00e5liga kameror&hellip;\n","protected":false},"author":2,"featured_media":102569,"comment_status":"","ping_status":"","sticky":false,"template":"","format":"standard","meta":{"footnotes":""},"categories":[66],"tags":[80,78,79,34,31,33,32,30,81,84,83,82],"class_list":{"0":"post-102568","1":"post","2":"type-post","3":"status-publish","4":"format-standard","5":"has-post-thumbnail","7":"category-vetenskap-och-teknik","8":"tag-science","9":"tag-science-and-technology","10":"tag-scienceandtechnology","11":"tag-se","12":"tag-svenska","13":"tag-sverige","14":"tag-sweden","15":"tag-swedish","16":"tag-technology","17":"tag-teknik","18":"tag-vetenskap","19":"tag-vetenskapteknik"},"share_on_mastodon":{"url":"https:\/\/pubeurope.com\/@se\/115699711305035586","error":""},"_links":{"self":[{"href":"https:\/\/www.europesays.com\/se\/wp-json\/wp\/v2\/posts\/102568","targetHints":{"allow":["GET"]}}],"collection":[{"href":"https:\/\/www.europesays.com\/se\/wp-json\/wp\/v2\/posts"}],"about":[{"href":"https:\/\/www.europesays.com\/se\/wp-json\/wp\/v2\/types\/post"}],"author":[{"embeddable":true,"href":"https:\/\/www.europesays.com\/se\/wp-json\/wp\/v2\/users\/2"}],"replies":[{"embeddable":true,"href":"https:\/\/www.europesays.com\/se\/wp-json\/wp\/v2\/comments?post=102568"}],"version-history":[{"count":0,"href":"https:\/\/www.europesays.com\/se\/wp-json\/wp\/v2\/posts\/102568\/revisions"}],"wp:featuredmedia":[{"embeddable":true,"href":"https:\/\/www.europesays.com\/se\/wp-json\/wp\/v2\/media\/102569"}],"wp:attachment":[{"href":"https:\/\/www.europesays.com\/se\/wp-json\/wp\/v2\/media?parent=102568"}],"wp:term":[{"taxonomy":"category","embeddable":true,"href":"https:\/\/www.europesays.com\/se\/wp-json\/wp\/v2\/categories?post=102568"},{"taxonomy":"post_tag","embeddable":true,"href":"https:\/\/www.europesays.com\/se\/wp-json\/wp\/v2\/tags?post=102568"}],"curies":[{"name":"wp","href":"https:\/\/api.w.org\/{rel}","templated":true}]}}