{"id":102572,"date":"2025-12-11T07:19:18","date_gmt":"2025-12-11T07:19:18","guid":{"rendered":"https:\/\/www.europesays.com\/se\/102572\/"},"modified":"2025-12-11T07:19:18","modified_gmt":"2025-12-11T07:19:18","slug":"fristaende-forskola-fick-fyrdubbel-ersattning-underlag-saknas-ostersunds-posten","status":"publish","type":"post","link":"https:\/\/www.europesays.com\/se\/102572\/","title":{"rendered":"Frist\u00e5ende f\u00f6rskola fick fyrdubbel ers\u00e4ttning \u2013 underlag saknas \u2013 \u00d6stersunds-Posten"},"content":{"rendered":"<p>\u00c5re kommun har hittills i \u00e5r betalat ut \u00f6ver 450 000 kronor i lokalers\u00e4ttning till f\u00f6rskolan Ottis i Ottsj\u00f6, men underlagen f\u00f6r hur f\u00f6rskolan r\u00e4knat ut kostnaderna \u00e4r inte kompletta. Hyresavier som \u00d6stersunds-Posten har tagit del av visar att Ottis f\u00f6rskola betalar 10 000 kronor i m\u00e5naden f\u00f6r sina lokaler.<br \/>\u00d6P:s granskning visar<strong> <\/strong>ocks\u00e5<strong> <\/strong>att kommunen betalar 25 000 kronor i m\u00e5naden i hyresers\u00e4ttning till f\u00f6rskolan. Ut\u00f6ver det f\u00e5r de ytterligare 16 065 kronor per m\u00e5nad f\u00f6r \u201dkostnad f\u00f6r st\u00e4dning och sn\u00f6r\u00f6jning\u201d. N\u00e5gon detaljerad redovisning f\u00f6r dessa kostnader finns inte.<\/p>\n<p>Det bekr\u00e4ftas av Helene G\u00f6ransson, barnr\u00e4ttsstrateg och utredare p\u00e5 \u00c5re kommun: \u201dDet finns inga underlag\u201d, skriver hon i ett mejl.<\/p>\n<p>\u2013 Vi g\u00f6r en ber\u00e4kning och det vi inte kan r\u00e4kna p\u00e5 f\u00e5r vi uppskatta. Det finns inga konstigheter med det \u00f6ver huvud taget, s\u00e4ger<strong> <\/strong>Magnus Olsson, f\u00f6rskolans rektor tillika \u00e4gare av det bolag som driver f\u00f6rskolan.<\/p>\n","protected":false},"excerpt":{"rendered":"\u00c5re kommun har hittills i \u00e5r betalat ut \u00f6ver 450 000 kronor i lokalers\u00e4ttning till f\u00f6rskolan Ottis i&hellip;\n","protected":false},"author":2,"featured_media":102573,"comment_status":"","ping_status":"","sticky":false,"template":"","format":"standard","meta":{"footnotes":""},"categories":[12],"tags":[22,23,26,27,17,21,24,25,28,29,15,16,18,34,31,33,32,30,19,20],"class_list":{"0":"post-102572","1":"post","2":"type-post","3":"status-publish","4":"format-standard","5":"has-post-thumbnail","7":"category-sverige","8":"tag-breaking-news","9":"tag-breakingnews","10":"tag-featured-news","11":"tag-featurednews","12":"tag-headlines","13":"tag-huvudnyheter","14":"tag-latest-news","15":"tag-latestnews","16":"tag-main-news","17":"tag-mainnews","18":"tag-news","19":"tag-nyheter","20":"tag-rubriker","21":"tag-se","22":"tag-svenska","23":"tag-sverige","24":"tag-sweden","25":"tag-swedish","26":"tag-top-stories","27":"tag-topstories"},"share_on_mastodon":{"url":"https:\/\/pubeurope.com\/@se\/115699722604063148","error":""},"_links":{"self":[{"href":"https:\/\/www.europesays.com\/se\/wp-json\/wp\/v2\/posts\/102572","targetHints":{"allow":["GET"]}}],"collection":[{"href":"https:\/\/www.europesays.com\/se\/wp-json\/wp\/v2\/posts"}],"about":[{"href":"https:\/\/www.europesays.com\/se\/wp-json\/wp\/v2\/types\/post"}],"author":[{"embeddable":true,"href":"https:\/\/www.europesays.com\/se\/wp-json\/wp\/v2\/users\/2"}],"replies":[{"embeddable":true,"href":"https:\/\/www.europesays.com\/se\/wp-json\/wp\/v2\/comments?post=102572"}],"version-history":[{"count":0,"href":"https:\/\/www.europesays.com\/se\/wp-json\/wp\/v2\/posts\/102572\/revisions"}],"wp:featuredmedia":[{"embeddable":true,"href":"https:\/\/www.europesays.com\/se\/wp-json\/wp\/v2\/media\/102573"}],"wp:attachment":[{"href":"https:\/\/www.europesays.com\/se\/wp-json\/wp\/v2\/media?parent=102572"}],"wp:term":[{"taxonomy":"category","embeddable":true,"href":"https:\/\/www.europesays.com\/se\/wp-json\/wp\/v2\/categories?post=102572"},{"taxonomy":"post_tag","embeddable":true,"href":"https:\/\/www.europesays.com\/se\/wp-json\/wp\/v2\/tags?post=102572"}],"curies":[{"name":"wp","href":"https:\/\/api.w.org\/{rel}","templated":true}]}}