{"id":102574,"date":"2025-12-11T07:22:07","date_gmt":"2025-12-11T07:22:07","guid":{"rendered":"https:\/\/www.europesays.com\/se\/102574\/"},"modified":"2025-12-11T07:22:07","modified_gmt":"2025-12-11T07:22:07","slug":"detroit-holl-ut-nar-svenskarna-mottes-i-natt","status":"publish","type":"post","link":"https:\/\/www.europesays.com\/se\/102574\/","title":{"rendered":"Detroit h\u00f6ll ut n\u00e4r svenskarna m\u00f6ttes i natt"},"content":{"rendered":"<p>Det var ett starkt svenskm\u00f6te i natt n\u00e4r Detroit Red Wings st\u00e4lldes mot Calgary Flames.<\/p>\n<p>20-\u00e5riga Axel Sandin Pellikka har b\u00f6rjat hitta formen i Detroit och ut\u00f6kade sin po\u00e4ngsvit n\u00e4r han gjorde 2\u20130 m\u00e5let. <\/p>\n<p>Detroit hann ut\u00f6ka till en bekv\u00e4m 4\u20130 ledning innan Calgary vaknade till liv och snabbt fick in tre fulltr\u00e4ffar, en framspelad av svenske Rasmus Andersson. <\/p>\n<p>Men Detroit lyckades h\u00e5lla ut och s\u00e4krade tre po\u00e4ng p\u00e5 bortaplan. <\/p>\n<p>Omni \u00e4r politiskt obundna och oberoende. Vi str\u00e4var efter att ge fler perspektiv p\u00e5 nyheterna. Har du fr\u00e5gor eller synpunkter kring v\u00e5r rapportering? <a href=\"https:\/\/omni.se\/detroit-holl-ut-nar-svenskarna-mottes-i-natt\/a\/mailto:redaktion@omni.se\" class=\"ArticleActions_contactLink__W2F1M\" rel=\"nofollow noopener\" target=\"_blank\">Kontakta redaktionen<\/a><\/p>\n","protected":false},"excerpt":{"rendered":"Det var ett starkt svenskm\u00f6te i natt n\u00e4r Detroit Red Wings st\u00e4lldes mot Calgary Flames. 20-\u00e5riga Axel Sandin&hellip;\n","protected":false},"author":2,"featured_media":102575,"comment_status":"","ping_status":"","sticky":false,"template":"","format":"standard","meta":{"footnotes":""},"categories":[68],"tags":[11670,5213,1472,247,11669,34,111,110,31,33,32,30],"class_list":{"0":"post-102574","1":"post","2":"type-post","3":"status-publish","4":"format-standard","5":"has-post-thumbnail","7":"category-sport","8":"tag-axel-sandin-pellikka","9":"tag-detroit-red-wings","10":"tag-ishockey","11":"tag-nhl","12":"tag-rasmus-andersson","13":"tag-se","14":"tag-sport","15":"tag-sports","16":"tag-svenska","17":"tag-sverige","18":"tag-sweden","19":"tag-swedish"},"share_on_mastodon":{"url":"https:\/\/pubeurope.com\/@se\/115699734466552474","error":""},"_links":{"self":[{"href":"https:\/\/www.europesays.com\/se\/wp-json\/wp\/v2\/posts\/102574","targetHints":{"allow":["GET"]}}],"collection":[{"href":"https:\/\/www.europesays.com\/se\/wp-json\/wp\/v2\/posts"}],"about":[{"href":"https:\/\/www.europesays.com\/se\/wp-json\/wp\/v2\/types\/post"}],"author":[{"embeddable":true,"href":"https:\/\/www.europesays.com\/se\/wp-json\/wp\/v2\/users\/2"}],"replies":[{"embeddable":true,"href":"https:\/\/www.europesays.com\/se\/wp-json\/wp\/v2\/comments?post=102574"}],"version-history":[{"count":0,"href":"https:\/\/www.europesays.com\/se\/wp-json\/wp\/v2\/posts\/102574\/revisions"}],"wp:featuredmedia":[{"embeddable":true,"href":"https:\/\/www.europesays.com\/se\/wp-json\/wp\/v2\/media\/102575"}],"wp:attachment":[{"href":"https:\/\/www.europesays.com\/se\/wp-json\/wp\/v2\/media?parent=102574"}],"wp:term":[{"taxonomy":"category","embeddable":true,"href":"https:\/\/www.europesays.com\/se\/wp-json\/wp\/v2\/categories?post=102574"},{"taxonomy":"post_tag","embeddable":true,"href":"https:\/\/www.europesays.com\/se\/wp-json\/wp\/v2\/tags?post=102574"}],"curies":[{"name":"wp","href":"https:\/\/api.w.org\/{rel}","templated":true}]}}