{"id":102580,"date":"2025-12-11T07:27:39","date_gmt":"2025-12-11T07:27:39","guid":{"rendered":"https:\/\/www.europesays.com\/se\/102580\/"},"modified":"2025-12-11T07:27:39","modified_gmt":"2025-12-11T07:27:39","slug":"forskoleutredningen-slog-ner-som-en-bomb-hos-foraldrarna-jag-fick-ont-i-magen-smalanningen","status":"publish","type":"post","link":"https:\/\/www.europesays.com\/se\/102580\/","title":{"rendered":"F\u00f6rskoleutredningen slog ner som en bomb hos f\u00f6r\u00e4ldrarna: \u201dJag fick ont i magen\u201d &#8211; Sm\u00e5l\u00e4nningen"},"content":{"rendered":"<ol>\n<li><a href=\"https:\/\/news.google.com\/rss\/articles\/CBMitAFBVV95cUxNcV9pd2JnSXBsN1ZrTmJnb01vcVR1SkIxUEpfMXV0NFQ0U1JIM1pHQ09JMV9TaGs4bnBFRnZXMWtmTkJIaVJXNGVqNW5RR0VqUnBvWmJYTmo5R3BKelJxbWhKQmlkSTBEdm9IdnVMT25nSVBpdVdnQlpvZUlld0lhTDAyZVUwckNzUzFJVkY5YlQxUjRMa1RsMDJWTHlhLVE0SkFSWGxvNFRpa1FHSlAxaExiekQ?oc=5\" target=\"_blank\" rel=\"nofollow noopener\">F\u00f6rskoleutredningen slog ner som en bomb hos f\u00f6r\u00e4ldrarna: \u201dJag fick ont i magen\u201d<\/a>&nbsp;&nbsp;Sm\u00e5l\u00e4nningen<\/li>\n<li><a href=\"https:\/\/news.google.com\/rss\/articles\/CBMikAFBVV95cUxNSGJuRzZndWJ0VVJWOW00NDIzejdta0tNeWcxVEh2MGMwMDNoUEFuX2Z2ZWxqc1dFUFVrdGRsaGpTUFY4RTBSSzJZWThmaXJjUmlTd3dPT1c0S01ocG5sZkNEX09HY2JuVEtPRjdoZU9FUDRNRDJ1R01RckdPUzAtSGdLd2VmM0lTWGo1VHJzaGw?oc=5\" target=\"_blank\" rel=\"nofollow noopener\">\u201dMajas\u201d son l\u00e5g medvetsl\u00f6s \u2013 f\u00f6rskolan ringde inte 112<\/a>&nbsp;&nbsp;Sveriges Radio<\/li>\n<li><a href=\"https:\/\/news.google.com\/rss\/articles\/CBMikwFBVV95cUxObGZDbzJIM01yek91QlltTXFMRTN5Vmxkd3VRZWJjUjZzUWhnVEhJYlVIbFk2VjVyUVl6VDVpRWJJZHNncW5OcTNxcmNzMV9fV0Zqb2FNd0dfRkpOQmZZX21odlZrel8zN0FVVU9UT0h0R1ZBRGN6azRyNGlRcFRJenBiOC1ydEJlOHdwWnpDSEUtZ2M?oc=5\" target=\"_blank\" rel=\"nofollow noopener\">F\u00f6reskoleskandal skakar om kommunen \u2013 nu har tre arbetsbefriats<\/a>&nbsp;&nbsp;Sm\u00e5landsposten<\/li>\n<li><a href=\"https:\/\/news.google.com\/rss\/articles\/CBMihgFBVV95cUxNMjJsSkVTeHc3QUlhOVBtZGJEbGt3bnF5LTQxZFI5MDZZVGM3NHNmVzNpQlVvMmhRVnl3UXdkZGtMRmpkelU2azR4Y2xaX3lZOVd2cnBMNEpQZENHbUlfM2pvSzlyZGlMWnc2OHlNaUplbmhNNWp3eF9Kd01vZnJpcDhHNF9OQQ?oc=5\" target=\"_blank\" rel=\"nofollow noopener\">TV: Efter skandalen: S- politiker l\u00e4mnar partiet<\/a>&nbsp;&nbsp;Sm\u00e5l\u00e4nningen<\/li>\n<li><a href=\"https:\/\/news.google.com\/rss\/articles\/CBMiekFVX3lxTE1sWVdvNmx6dmNuZ042NzhnVkl3VjRRaVAySEpwZlM3YXVMV0Nwd1NsTkZ2Rlo0TVJLNUsxSmM5WTFFRXhTUUx5aHVQTWt2SzRTS2hYUy1BNGtCbUlaMlRRRUh1VmVDUG50b3ZtWGlES25ZQU1JaEdQajN3?oc=5\" target=\"_blank\" rel=\"nofollow noopener\">F\u00f6rskolebarn straffades genom att inte f\u00e5 mat<\/a>&nbsp;&nbsp;Omni<\/li>\n<\/ol>\n","protected":false},"excerpt":{"rendered":"F\u00f6rskoleutredningen slog ner som en bomb hos f\u00f6r\u00e4ldrarna: \u201dJag fick ont i magen\u201d&nbsp;&nbsp;Sm\u00e5l\u00e4nningen \u201dMajas\u201d son l\u00e5g medvetsl\u00f6s \u2013&hellip;\n","protected":false},"author":2,"featured_media":101697,"comment_status":"","ping_status":"","sticky":false,"template":"","format":"standard","meta":{"footnotes":""},"categories":[12],"tags":[22,23,26,27,17,21,24,25,28,29,15,16,18,34,31,33,32,30,19,20],"class_list":{"0":"post-102580","1":"post","2":"type-post","3":"status-publish","4":"format-standard","5":"has-post-thumbnail","7":"category-sverige","8":"tag-breaking-news","9":"tag-breakingnews","10":"tag-featured-news","11":"tag-featurednews","12":"tag-headlines","13":"tag-huvudnyheter","14":"tag-latest-news","15":"tag-latestnews","16":"tag-main-news","17":"tag-mainnews","18":"tag-news","19":"tag-nyheter","20":"tag-rubriker","21":"tag-se","22":"tag-svenska","23":"tag-sverige","24":"tag-sweden","25":"tag-swedish","26":"tag-top-stories","27":"tag-topstories"},"share_on_mastodon":{"url":"https:\/\/pubeurope.com\/@se\/115699754166948870","error":""},"_links":{"self":[{"href":"https:\/\/www.europesays.com\/se\/wp-json\/wp\/v2\/posts\/102580","targetHints":{"allow":["GET"]}}],"collection":[{"href":"https:\/\/www.europesays.com\/se\/wp-json\/wp\/v2\/posts"}],"about":[{"href":"https:\/\/www.europesays.com\/se\/wp-json\/wp\/v2\/types\/post"}],"author":[{"embeddable":true,"href":"https:\/\/www.europesays.com\/se\/wp-json\/wp\/v2\/users\/2"}],"replies":[{"embeddable":true,"href":"https:\/\/www.europesays.com\/se\/wp-json\/wp\/v2\/comments?post=102580"}],"version-history":[{"count":0,"href":"https:\/\/www.europesays.com\/se\/wp-json\/wp\/v2\/posts\/102580\/revisions"}],"wp:featuredmedia":[{"embeddable":true,"href":"https:\/\/www.europesays.com\/se\/wp-json\/wp\/v2\/media\/101697"}],"wp:attachment":[{"href":"https:\/\/www.europesays.com\/se\/wp-json\/wp\/v2\/media?parent=102580"}],"wp:term":[{"taxonomy":"category","embeddable":true,"href":"https:\/\/www.europesays.com\/se\/wp-json\/wp\/v2\/categories?post=102580"},{"taxonomy":"post_tag","embeddable":true,"href":"https:\/\/www.europesays.com\/se\/wp-json\/wp\/v2\/tags?post=102580"}],"curies":[{"name":"wp","href":"https:\/\/api.w.org\/{rel}","templated":true}]}}