{"id":102623,"date":"2025-12-11T08:27:07","date_gmt":"2025-12-11T08:27:07","guid":{"rendered":"https:\/\/www.europesays.com\/se\/102623\/"},"modified":"2025-12-11T08:27:07","modified_gmt":"2025-12-11T08:27:07","slug":"nytt-kunskapsunderlag-om-allvarliga-streptokockinfektioner-folkhalsomyndigheten","status":"publish","type":"post","link":"https:\/\/www.europesays.com\/se\/102623\/","title":{"rendered":"Nytt kunskapsunderlag om allvarliga streptokockinfektioner \u2014 Folkh\u00e4lsomyndigheten"},"content":{"rendered":"<p>&#13;<\/p>\n<p>Ett nytt kunskapsunderlag fr\u00e5n Folkh\u00e4lsomyndigheten sammanfattar den aktuella kunskapen om iGAS, allvarliga infektioner orsakade av grupp A-streptokocker. Underlaget syftar till att st\u00f6dja fortsatt arbete p\u00e5 nationell niv\u00e5 f\u00f6r att f\u00f6rebygga iGAS, och har tagits fram i samverkan med en extern referensgrupp.<\/p>\n<p>        &#13;<br \/>\n&#13;<br \/>\n    &#13;<\/p>\n<p>Betahemolyserande grupp A-streptokocker, GAS, kan orsaka alltifr\u00e5n lindriga infektioner till \u2013 i s\u00e4llsynta fall \u2013 livshotande, invasiv sjukdom, iGAS. Spridningen sker huvudsakligen via kontakt med en smittad person. Infektioner som orsakas av GAS \u00e4r bland annat halsfluss, scharlakansfeber, hud- och mjukdelsinfektioner, samt invasiv sjukdom s\u00e5som sepsis.<\/p>\n<p>S\u00e4songerna 2022\u20132024 hade Sverige och m\u00e5nga andra l\u00e4nder en ovanligt h\u00f6g f\u00f6rekomst av iGAS, men nu \u00e4r fallen p\u00e5 en liknande niv\u00e5 som f\u00f6re pandemin. I Sverige finns det samtidigt en l\u00e5ngsiktigt \u00f6kande trend av iGAS. Det \u00e4r d\u00e4rf\u00f6r viktigt att forts\u00e4tta med det f\u00f6rebyggande arbetet.<\/p>\n<p>Utg\u00e5ngspunkt f\u00f6r fortsatt arbete<\/p>\n<p>Enligt Folkh\u00e4lsomyndighetens \u00f6versiktliga genomg\u00e5ng av den vetenskapliga litteraturen \u00e4r kunskapsl\u00e4get svagt n\u00e4r det g\u00e4ller att visa vilken effekt enskilda \u00e5tg\u00e4rder har f\u00f6r att minska f\u00f6rekomsten av iGAS. Underlaget beskriver och diskuterar m\u00f6jliga f\u00f6rebyggande \u00e5tg\u00e4rder, men ger inte konkreta rekommendationer. Ett par exempel p\u00e5 \u00e5tg\u00e4rder \u00e4r att bryta smittv\u00e4gar och minimera kontakter mellan infekterade och friska.<\/p>\n<p>Underlaget \u00e4r t\u00e4nkt att vara en utg\u00e5ngspunkt f\u00f6r fortsatt nationellt arbete med att ta fram v\u00e4gledningar och information f\u00f6r att f\u00f6rebygga iGAS i prioriterade verksamheter och till allm\u00e4nheten. Det riktar sig fr\u00e4mst till centrala akt\u00f6rer inom sjukv\u00e5rden och myndigheter som \u00e4r viktiga i detta arbete.<\/p>\n<p>Extern referensgrupp<\/p>\n<p>I arbetet har en extern referensgrupp ing\u00e5tt, med bred representation fr\u00e5n relevanta professionsf\u00f6reningar, organisationer och myndigheter, och underlaget betonar vikten av samverkan i smittskyddsarbetet.<\/p>\n<p>De som deltagit i den externa referensgruppen \u00e4r: F\u00f6reningen f\u00f6r Klinisk Mikrobiologi, L\u00e4kemedelsverket, Nationell arbetsgrupp Strama, Nationell arbetsgrupp V\u00e5rdhygien, Smittskyddsl\u00e4karf\u00f6reningen, Svensk Barninfektionsf\u00f6rening, Svenska Infektionsl\u00e4karf\u00f6reningen, Svensk F\u00f6rening f\u00f6r Allm\u00e4nmedicin, Svensk F\u00f6rening f\u00f6r V\u00e5rdhygien, Svenska Hygienl\u00e4karf\u00f6reningen och Svensk Smittskyddssjuksk\u00f6terskef\u00f6rening.<\/p>\n<p>L\u00e4s mer<\/p>\n<p><a href=\"https:\/\/www.folkhalsomyndigheten.se\/publikationer-och-material\/publikationsarkiv\/i\/invasiva-infektioner-med-betahemolyserande-grupp-a-streptokocker-igas\/\" rel=\"nofollow noopener\" target=\"_blank\">Invasiva infektioner med betahemolyserande grupp A-streptokocker (iGAS) \u2013 Kunskaps- och diskussionsunderlag<\/a><\/p>\n<p>&#13;<\/p>\n","protected":false},"excerpt":{"rendered":"&#13; Ett nytt kunskapsunderlag fr\u00e5n Folkh\u00e4lsomyndigheten sammanfattar den aktuella kunskapen om iGAS, allvarliga infektioner orsakade av grupp A-streptokocker.&hellip;\n","protected":false},"author":2,"featured_media":7954,"comment_status":"","ping_status":"","sticky":false,"template":"","format":"standard","meta":{"footnotes":""},"categories":[69],"tags":[113,112,34,31,33,32,30],"class_list":{"0":"post-102623","1":"post","2":"type-post","3":"status-publish","4":"format-standard","5":"has-post-thumbnail","7":"category-halsa","8":"tag-halsa","9":"tag-health","10":"tag-se","11":"tag-svenska","12":"tag-sverige","13":"tag-sweden","14":"tag-swedish"},"share_on_mastodon":{"url":"https:\/\/pubeurope.com\/@se\/115699990237032001","error":""},"_links":{"self":[{"href":"https:\/\/www.europesays.com\/se\/wp-json\/wp\/v2\/posts\/102623","targetHints":{"allow":["GET"]}}],"collection":[{"href":"https:\/\/www.europesays.com\/se\/wp-json\/wp\/v2\/posts"}],"about":[{"href":"https:\/\/www.europesays.com\/se\/wp-json\/wp\/v2\/types\/post"}],"author":[{"embeddable":true,"href":"https:\/\/www.europesays.com\/se\/wp-json\/wp\/v2\/users\/2"}],"replies":[{"embeddable":true,"href":"https:\/\/www.europesays.com\/se\/wp-json\/wp\/v2\/comments?post=102623"}],"version-history":[{"count":0,"href":"https:\/\/www.europesays.com\/se\/wp-json\/wp\/v2\/posts\/102623\/revisions"}],"wp:featuredmedia":[{"embeddable":true,"href":"https:\/\/www.europesays.com\/se\/wp-json\/wp\/v2\/media\/7954"}],"wp:attachment":[{"href":"https:\/\/www.europesays.com\/se\/wp-json\/wp\/v2\/media?parent=102623"}],"wp:term":[{"taxonomy":"category","embeddable":true,"href":"https:\/\/www.europesays.com\/se\/wp-json\/wp\/v2\/categories?post=102623"},{"taxonomy":"post_tag","embeddable":true,"href":"https:\/\/www.europesays.com\/se\/wp-json\/wp\/v2\/tags?post=102623"}],"curies":[{"name":"wp","href":"https:\/\/api.w.org\/{rel}","templated":true}]}}