{"id":102624,"date":"2025-12-11T08:28:11","date_gmt":"2025-12-11T08:28:11","guid":{"rendered":"https:\/\/www.europesays.com\/se\/102624\/"},"modified":"2025-12-11T08:28:11","modified_gmt":"2025-12-11T08:28:11","slug":"travtranaren-maria-tornqvist-utreds-av-svensk-travsport-efter-film-pa-sociala-medier","status":"publish","type":"post","link":"https:\/\/www.europesays.com\/se\/102624\/","title":{"rendered":"Travtr\u00e4naren Maria T\u00f6rnqvist utreds av Svensk Travsport efter film p\u00e5 sociala medier"},"content":{"rendered":"<p>Maria T\u00f6rnqvists f\u00f6rklaring: \u201dF\u00f6rst\u00e5r att det l\u00e5ter illa\u201d<img decoding=\"async\" class=\"image-asset hyperion-css-n6kkq1\" data-test-tag=\"image-asset\" src=\"https:\/\/www.europesays.com\/se\/wp-content\/uploads\/2025\/12\/1765441690_573_8beae7be-3be2-45da-b868-a42c79c28435\"  alt=\"\"  loading=\"lazy\" fetchpriority=\"auto\" style=\"aspect-ratio:1900 \/ 1900\"\/><img decoding=\"async\" class=\"image-asset hyperion-css-n6kkq1\" data-test-tag=\"image-asset\" src=\"https:\/\/www.europesays.com\/se\/wp-content\/uploads\/2025\/12\/1765441690_596_bd28e84d-e0c7-4149-a49a-07505da353ed\"  alt=\"\"  loading=\"lazy\" fetchpriority=\"auto\" style=\"aspect-ratio:1900 \/ 1900\"\/><\/p>\n<p class=\"boxtextgrotesk-root_baa6 hyperion-css-1w346fg\">Uppdaterad 09.10 | Publicerad 08.27<\/p>\n<p>share-arrowDela<\/p>\n<p>unsaveSpara<\/p>\n<p>expand-left<\/p>\n<p>helsk\u00e4rm<img decoding=\"async\" class=\"image-asset hyperion-css-u06ts1\" data-test-tag=\"image-asset\" src=\"https:\/\/www.europesays.com\/se\/wp-content\/uploads\/2025\/12\/d73642d3-02cd-464d-b71a-20134ade5c8c\"  alt=\"Till v\u00e4nster \u00e4r filmen som gjort att en utredning startats mot Maria T\u00f6rnqvist.\"  loading=\"eager\" fetchpriority=\"high\" style=\"aspect-ratio:1200 \/ 600\"\/>Till v\u00e4nster \u00e4r filmen som gjort att en utredning startats mot Maria T\u00f6rnqvist. Foto: Privat, Malin Albinsson\/Tr Media<\/p>\n<p class=\"hyperion-css-1shl3oz\" data-test-tag=\"lead-text\">Stj\u00e4rntr\u00e4naren Maria T\u00f6rnqvist \u00e4r under utredning av Svensk Travsport.<\/p>\n<p class=\"hyperion-css-1shl3oz\" data-test-tag=\"lead-text\">Anledningen: en film har delats i sociala medier d\u00e4r flera ljud som liknar piskrapp h\u00f6rs mot en av hennes h\u00e4star.<\/p>\n<p class=\"hyperion-css-1shl3oz\" data-test-tag=\"lead-text\">\u2013 Jag f\u00f6rst\u00e5r verkligen att det som h\u00f6rs p\u00e5 klippet l\u00e5ter v\u00e4ldigt illa, s\u00e4ger hon till Trav365.<\/p>\n<p class=\"hyperion-css-1v9qo5x\">Det var sent under tisdagskv\u00e4llen som f\u00f6rbundet Svensk Travsport fick k\u00e4nnedom om filmen som spridits p\u00e5 sociala medier.<\/p>\n<p class=\"hyperion-css-1v9qo5x\">P\u00e5 filmen, som \u00e4ven Trav365 tagit del av, k\u00f6rs tv\u00e5 ekipage p\u00e5 en grusv\u00e4g. Den ena h\u00e4sten k\u00f6rs av Dwight Pieters och den andra av Maria T\u00f6rnqvist.<\/p>\n<p>\u201dSamtal har inletts\u201d<\/p>\n<p class=\"hyperion-css-1v9qo5x\">Filmen \u00e4r grynig, men p\u00e5 ljudupptagningen fr\u00e5n filmen h\u00f6rs flera ljud som l\u00e5ter som piskrapp.<\/p>\n<p class=\"hyperion-css-1v9qo5x\">Under onsdagen valde f\u00f6rbundet Svensk Travsport att starta en utredning mot Maria T\u00f6rnqvist, n\u00e5got man \u00e4ven kommunicerade p\u00e5 sin <a aria-label=\"hemsida.\" class=\"sportbladet hyperion-css-15jkft9\" href=\"https:\/\/www.travsport.se\/arkiv\/nyheter\/2025\/december\/med-anledning-av-den-film-som-spridits\/\" rel=\"noopener nofollow noreferrer\" data-test-tag=\"external-link\" target=\"_blank\">hemsida.<\/a><\/p>\n<p class=\"hyperion-css-1v9qo5x\">\u2013 Vi har tagit del av filmen. Det jag kan s\u00e4ga \u00e4r att samtal har inletts med ber\u00f6rda personer. D\u00e4refter f\u00e5r vi se vad som framkommer och hur det fortl\u00f6per, s\u00e4ger Mattias Falkb\u00e5ge, avdelningschef f\u00f6r h\u00e4stv\u00e4lf\u00e4rd\/antidopning p\u00e5 Svensk Travsport till Trav365.<\/p>\n<p>\u201dPiskar inte en h\u00e4st s\u00e5\u201d<\/p>\n<p class=\"hyperion-css-1v9qo5x\">Klippet \u00e4r inspelat den 19 mars i \u00e5r och Trav365 har varit i kontakt med personen som f\u00e5ngat h\u00e4ndelsen p\u00e5 film, som vill vara anonym. <\/p>\n<p class=\"hyperion-css-1v9qo5x\">Personen menar p\u00e5 att en av h\u00e4starna stannade mitt p\u00e5 den grusv\u00e4g som h\u00e4starna k\u00f6rdes p\u00e5 och inte ville g\u00e5 fram\u00e5t.<\/p>\n<p class=\"hyperion-css-1v9qo5x\">\u2013 Jag h\u00f6rde d\u00e5 att h\u00e4sten var stressad och d\u00e5 blev piskad, h\u00e5rda piskrapp. Sen fortsatte det h\u00e4r och p\u00e5gick i n\u00e5gra minuter. D\u00e5 f\u00f6rs\u00f6kte jag lite diskret st\u00e4lla mig f\u00f6r att se vad som h\u00e4nde. Man piskar inte en h\u00e4st s\u00e5. N\u00e4r jag b\u00f6rjade filma s\u00e5 hade de inte uppt\u00e4ckt mig \u00e4n. Men de uppt\u00e4ckte mig n\u00e4r de piskat f\u00e4rdigt, s\u00e4ger personen.<\/p>\n<p class=\"hyperion-css-1v9qo5x\">Enligt filmaren var det tv\u00e5 personer som piskade.<\/p>\n<p class=\"hyperion-css-1v9qo5x\">\u2013 I b\u00f6rjan slog tr\u00e4naren ingenting, hon var bakom en egen h\u00e4st. N\u00e4r tr\u00e4naren v\u00e4nde sin h\u00e4st piskade hon h\u00e4sten ocks\u00e5. Det man ser p\u00e5 filmen \u00e4r fr\u00e4mst n\u00e4r tr\u00e4naren sl\u00e5r h\u00e4sten. Jag st\u00e5r f\u00f6r det h\u00e4r, f\u00f6r vad jag sett och vad jag filmat.<\/p>\n<p>\u201dBlev skr\u00e4md av en hund\u201d<\/p>\n<p class=\"hyperion-css-1v9qo5x\">Maria T\u00f6rnqvist har en helt annat beskrivning av det som skedde och f\u00f6ranledde det som h\u00f6rs p\u00e5 klippet. <\/p>\n<p class=\"hyperion-css-1v9qo5x\">Hon k\u00f6rde en av h\u00e4starna, bakom henne k\u00f6rde hennes sambo Dwight Pieters en h\u00e4st som var ny i deras tr\u00e4ning, en h\u00e4st som haft ett rykte om sig att vara ganska st\u00f6kig.<\/p>\n<p class=\"hyperion-css-1v9qo5x\">\u2013 Det \u00e4r en situation innan som inte \u00e4r med i filmen, och det \u00e4r en h\u00e4st som inte jag k\u00f6r som blivit skr\u00e4md av en hund som springer \u00f6ver v\u00e4gen och sprungit ner halvv\u00e4gs i ett dike och blir st\u00e5endes d\u00e4r, s\u00e4ger hon.<\/p>\n<p class=\"hyperion-css-1v9qo5x\">Maria T\u00f6rnqvist valde att v\u00e4nda om med sin h\u00e4st f\u00f6r att hj\u00e4lpa Dwight.<\/p>\n<p class=\"hyperion-css-1v9qo5x\">\u2013 Vi f\u00f6rs\u00f6ker helt enkelt f\u00e5 upp henne ur diket och sl\u00e5r p\u00e5 skalmen med pisken f\u00f6r att undvika en olycka. Men jag f\u00f6rst\u00e5r verkligen att det som h\u00f6rs p\u00e5 klippet l\u00e5ter v\u00e4ldigt illa. Jag g\u00f6r verkligen det.<\/p>\n<p>\u201d\u00c4lskar v\u00e5ra h\u00e4star\u201d<\/p>\n<p class=\"hyperion-css-1v9qo5x\"><strong>Du pekas mer eller mindre ut som djurpl\u00e5gare. Vad \u00e4r din kommentar?<\/strong><\/p>\n<p class=\"hyperion-css-1v9qo5x\">\u2013 Som sagt, jag f\u00f6rst\u00e5r folks reaktioner, jag f\u00f6rst\u00e5r hur dom upplever det. Men g\u00e5rden \u00e4r \u00f6ppen och vi v\u00e4lkomnar folk till g\u00e5rden. Vi str\u00e4var efter en h\u00f6g djurv\u00e4lf\u00e4rd och folk kan se att v\u00e5ra h\u00e4star \u00e4r v\u00e4lm\u00e5ende. Vi \u00e4lskar v\u00e5ra h\u00e4star.<\/p>\n<p class=\"hyperion-css-1v9qo5x\">Svensk Travsport har bes\u00f6kt Maria T\u00f6rnqvists g\u00e5rd. Nu inv\u00e4ntar hon deras utredning.<\/p>\n<p class=\"hyperion-css-1v9qo5x\">\u2013 Jag vet inte vad som kommer h\u00e4nda nu. Jag l\u00e5ter utredningen fortl\u00f6pa helt enkelt, det \u00e4r viktigt att den f\u00e5r g\u00f6ra det.<\/p>\n<p class=\"hyperion-css-1v9qo5x\"><strong>\u00c4r du orolig f\u00f6r att straffas?<\/strong><\/p>\n<p class=\"hyperion-css-1v9qo5x\">\u2013 Visar utredningen att jag ska ha ett straff, s\u00e5 ska jag ha ett straff.<\/p>\n<p class=\"hyperion-css-1v9qo5x\">Maria T\u00f6rnqvist \u00e4r en av Sveriges mest framst\u00e5ende travtr\u00e4nare. Stallet har k\u00f6rt in \u00f6ver 14 miljoner kronor i \u00e5r. Hon har 114 h\u00e4star p\u00e5 sin tr\u00e4ningslista.<\/p>\n<p class=\"hyperion-css-1v9qo5x\">Den 20 augusti i \u00e5r vann hennes Bicc&#8217;s Tobee klassikerloppet Margareta Wallenius-Klebergs Pokal, tidigare Jubileumspokalen, p\u00e5 Solvalla, med Dwight Pieters i sulkyn.<\/p>\n","protected":false},"excerpt":{"rendered":"Maria T\u00f6rnqvists f\u00f6rklaring: \u201dF\u00f6rst\u00e5r att det l\u00e5ter illa\u201d Uppdaterad 09.10 | Publicerad 08.27 share-arrowDela unsaveSpara expand-left helsk\u00e4rmTill v\u00e4nster&hellip;\n","protected":false},"author":2,"featured_media":102625,"comment_status":"","ping_status":"","sticky":false,"template":"","format":"standard","meta":{"footnotes":""},"categories":[68],"tags":[34,111,110,31,33,32,30],"class_list":{"0":"post-102624","1":"post","2":"type-post","3":"status-publish","4":"format-standard","5":"has-post-thumbnail","7":"category-sport","8":"tag-se","9":"tag-sport","10":"tag-sports","11":"tag-svenska","12":"tag-sverige","13":"tag-sweden","14":"tag-swedish"},"share_on_mastodon":{"url":"https:\/\/pubeurope.com\/@se\/115699994321977499","error":""},"_links":{"self":[{"href":"https:\/\/www.europesays.com\/se\/wp-json\/wp\/v2\/posts\/102624","targetHints":{"allow":["GET"]}}],"collection":[{"href":"https:\/\/www.europesays.com\/se\/wp-json\/wp\/v2\/posts"}],"about":[{"href":"https:\/\/www.europesays.com\/se\/wp-json\/wp\/v2\/types\/post"}],"author":[{"embeddable":true,"href":"https:\/\/www.europesays.com\/se\/wp-json\/wp\/v2\/users\/2"}],"replies":[{"embeddable":true,"href":"https:\/\/www.europesays.com\/se\/wp-json\/wp\/v2\/comments?post=102624"}],"version-history":[{"count":0,"href":"https:\/\/www.europesays.com\/se\/wp-json\/wp\/v2\/posts\/102624\/revisions"}],"wp:featuredmedia":[{"embeddable":true,"href":"https:\/\/www.europesays.com\/se\/wp-json\/wp\/v2\/media\/102625"}],"wp:attachment":[{"href":"https:\/\/www.europesays.com\/se\/wp-json\/wp\/v2\/media?parent=102624"}],"wp:term":[{"taxonomy":"category","embeddable":true,"href":"https:\/\/www.europesays.com\/se\/wp-json\/wp\/v2\/categories?post=102624"},{"taxonomy":"post_tag","embeddable":true,"href":"https:\/\/www.europesays.com\/se\/wp-json\/wp\/v2\/tags?post=102624"}],"curies":[{"name":"wp","href":"https:\/\/api.w.org\/{rel}","templated":true}]}}