{"id":102643,"date":"2025-12-11T08:45:15","date_gmt":"2025-12-11T08:45:15","guid":{"rendered":"https:\/\/www.europesays.com\/se\/102643\/"},"modified":"2025-12-11T08:45:15","modified_gmt":"2025-12-11T08:45:15","slug":"gjorde-succe-i-mastarnas-mastare-sa-lever-de-i-dag-vlt","status":"publish","type":"post","link":"https:\/\/www.europesays.com\/se\/102643\/","title":{"rendered":"Gjorde succ\u00e9 i M\u00e4starnas m\u00e4stare \u2013 s\u00e5 lever de i dag \u2013 VLT"},"content":{"rendered":"<p>Joanna och Henric Stillman blev k\u00e4nda f\u00f6r svenska folket under sin medverkan i \u201dM\u00e4starnas m\u00e4stare\u201d.<br \/>Nu kan paret bli \u00c5rets v\u00e4stmanl\u00e4nning.<br \/>F\u00f6r VLT ber\u00e4ttar de om dansens m\u00f6rka trend, hur vardagslivet i Tillberga ser ut \u2013 och hur livet f\u00f6r\u00e4ndrades efter M\u00e4starnas m\u00e4stare.<\/p>\n<p>I paret Stillmans tv\u00e5v\u00e5ningshus (med egen dansstudio p\u00e5 ovanv\u00e5ningen!) i Tillberga puttrar kaffet. Henric \u00f6ppnar d\u00f6rren mitt i ett jobbsamtal, han \u00e4r s\u00e4ljare f\u00f6r Beijer Byggmaterial, och jag smyger in i k\u00f6ket.<\/p>\n<p>Ner f\u00f6r trappan kommer Joanna, som arbetar p\u00e5 en f\u00f6rskola i n\u00e4rheten och direkt efter v\u00e5r korta f\u00f6rmiddagsintervju m\u00e5ste tillbaka.<\/p>\n<p>Detta kombineras med vardagskv\u00e4llar och helger som t\u00e4vlande och kanske framf\u00f6r allt tr\u00e4nare i boogie woogie (bland annat f\u00f6rbundskaptener) och lindy hop.<\/p>\n<p><strong>Nominerade till \u00c5rets v\u00e4stmanl\u00e4nning. Reaktion?<\/strong><\/p>\n<p>\u2013 J\u00e4ttecoolt! Det finns ju s\u00e5 m\u00e5nga profiler i V\u00e4ster\u00e5s, s\u00e4ger Joanna.<\/p>\n<p>\u2013 Och V\u00e4stmanland \u00f6ver huvud taget! Jag \u00e4r uppvuxen i Hallstahammar och stolt \u00f6ver det. Vi trivs ocks\u00e5 v\u00e4ldigt bra i lugna Tillberga, s\u00e4ger Henric.<\/p>\n<p aria-disabled=\"true\" class=\"ad__preamble ad-text txt-style-muted txt-ui txt-ui--strong txt-ui-2\">Annons<\/p>\n<p><img decoding=\"async\" width=\"640\" height=\"853\" class=\"article-image article-image--unbound\" alt=\"Henric och Joanna Stillman i \u201dM\u00e4starnas m\u00e4stare\u201d. Foto: Privat\" src=\"https:\/\/www.europesays.com\/se\/wp-content\/uploads\/2025\/12\/646254ac-a24e-4181-b1ac-0405ad26b8ff.jpeg\"   loading=\"lazy\"\/><a class=\"article__lightbox-link\" href=\"https:\/\/static.bonniernews.se\/ba\/646254ac-a24e-4181-b1ac-0405ad26b8ff.jpeg?width=1400&amp;format=pjpg&amp;auto=avif\" data-pswp-width=\"1400\" data-pswp-height=\"1867\" data-pswp-caption=\"Henric och Joanna Stillman i \u201dM\u00e4starnas m\u00e4stare\u201d. Foto: Privat\" data-pswp- rel=\"nofollow noopener\" target=\"_blank\">\u00d6ppna bild i helsk\u00e4rmsl\u00e4ge<\/a><\/p>\n<p class=\"txt-style-muted\" aria-hidden=\"true\">Henric och Joanna Stillman i \u201dM\u00e4starnas m\u00e4stare\u201d. Foto: Privat<\/p>\n<p aria-disabled=\"true\" class=\"ad__preamble ad-text txt-style-muted txt-ui txt-ui--strong txt-ui-2\">Annons<\/p>\n<p>Stillmans, som <strong><a class=\"article__content-link\" href=\"https:\/\/www.vlt.se\/2022-05-20\/karlekspar-sedan-tioarsaldern-mot-vasterasduon-som-gjorde-tv-succe\/\" rel=\"nofollow noopener\" target=\"_blank\">blev ett k\u00e4rlekspar<\/a><\/strong> redan i tio\u00e5rs\u00e5ldern, har som danspar vunnit ett otal SM-, EM- och VM-medaljer.<\/p>\n<p>V\u00e5ren 2022 gjorde de succ\u00e9 i \u201dM\u00e4starnas m\u00e4stare\u201d och lyfte dansens anseende i m\u00e5ngas \u00f6gon.<\/p>\n<p><strong>Hur f\u00f6r\u00e4ndrade programmet era liv?<\/strong><\/p>\n<p>\u2013 F\u00f6r mig inleddes processen att v\u00e5ga st\u00e5 p\u00e5 egna ben. Jag \u00e4r s\u00e5 van vid att vara i par, men det h\u00e4r var ett \u201dwake up call\u201d, s\u00e4ger Joanna.<\/p>\n<p>\u2013 Du v\u00e4xte mycket. Sj\u00e4lv har jag s\u00e5dan enorm t\u00e4vlingshj\u00e4rna att jag stortrivdes i programmet, trots att jag kom hem med brutna revben och trasiga knogar. S\u00e5 f\u00f6r mig har programmet inte f\u00f6r\u00e4ndrat n\u00e5gonting, f\u00f6rutom att vi kanske blev mer publika, s\u00e4ger Henric.<\/p>\n<p><img decoding=\"async\" width=\"640\" height=\"961\" class=\"article-image article-image--unbound\" alt=\"Joanna och Henric Stillman utanf\u00f6r deras hus i Tillberga.\" src=\"https:\/\/www.europesays.com\/se\/wp-content\/uploads\/2025\/12\/1ff8267f-0d98-4309-8939-361676885f61.jpg\"   loading=\"lazy\"\/><a class=\"article__lightbox-link\" href=\"https:\/\/static.bonniernews.se\/ba\/1ff8267f-0d98-4309-8939-361676885f61.jpg?width=1400&amp;format=pjpg&amp;auto=avif\" data-pswp-width=\"1400\" data-pswp-height=\"2102\" data-pswp-caption=\"Joanna och Henric Stillman utanf\u00f6r deras hus i Tillberga. Bild: William Holm\" data-pswp- rel=\"nofollow noopener\" target=\"_blank\">\u00d6ppna bild i helsk\u00e4rmsl\u00e4ge<\/a><\/p>\n<p class=\"txt-style-muted\" aria-hidden=\"true\">Joanna och Henric Stillman utanf\u00f6r deras hus i Tillberga.<\/p>\n<p class=\"article__figcaption-attribution txt-style-muted\">Bild: William Holm<\/p>\n<p><strong>Dansen i V\u00e4stmanland har en anrik historia, men hur m\u00e5r den i dag?<\/strong><\/p>\n<p>\u2013 Vad g\u00e4ller \u00e5terv\u00e4xten skulle jag s\u00e4ga att det g\u00e5r rej\u00e4lt utf\u00f6r. Medel\u00e5ldern blir h\u00f6gre och h\u00f6gre. S\u00e4rskilt inom pardans, s\u00e4ger Henric.<\/p>\n<p>\u2013 I v\u00e5rt f\u00f6rsta ungdoms-SM t\u00e4vlade \u00f6ver 100 par. I dag \u00e4r de cirka 15, s\u00e4ger Joanna.<\/p>\n<p><strong>Varf\u00f6r?<\/strong><\/p>\n<p>\u2013 Den stora anledningen tror jag \u00e4r paddan och mobilen. B\u00e5de barnen och f\u00f6r\u00e4ldrarna \u00e4r sl\u00f6are. Man s\u00f6ker bara \u201dquick fixes\u201d, samtidigt som man ska prestera p\u00e5 s\u00e5 m\u00e5nga fler omr\u00e5den nu f\u00f6r tiden att man inte hinner med, s\u00e4ger Henric.<\/p>\n<p aria-disabled=\"true\" class=\"ad__preamble ad-text txt-style-muted txt-ui txt-ui--strong txt-ui-2\">Annons<\/p>\n<p aria-disabled=\"true\" class=\"ad__preamble ad-text txt-style-muted txt-ui txt-ui--strong txt-ui-2\">Annons<\/p>\n<p>\u2013 Allts\u00e5, r\u00f6relse till musik kommer aldrig f\u00f6rsvinna. Men det som vi brinner f\u00f6r \u00e4r ju pardans. Och steget verkar i dag vara st\u00f6rre till att ta tag i en annan m\u00e4nniska och kommunicera via rytmer, s\u00e4ger Joanna.<\/p>\n<p><img decoding=\"async\" width=\"640\" height=\"640\" class=\"article-image article-image--unbound\" alt=\"I boogie woogie dansas en lugn och en snabb runda. H\u00e4r Joanna och Henric Stillman i den l\u00e5ngsamma delen.\" src=\"https:\/\/www.europesays.com\/se\/wp-content\/uploads\/2025\/12\/Ex0wTVG2n_3JzJewMV3ewpxBbOA.jpeg\"   loading=\"lazy\"\/><a class=\"article__lightbox-link\" href=\"https:\/\/static.bonniernews.se\/ba\/Ex0wTVG2n_3JzJewMV3ewpxBbOA.jpeg?width=1400&amp;format=pjpg&amp;auto=avif\" data-pswp-width=\"1400\" data-pswp-height=\"1400\" data-pswp-caption=\"I boogie woogie dansas en lugn och en snabb runda. H\u00e4r Joanna och Henric Stillman i den l\u00e5ngsamma delen. Bild: Jochen Roemling\" data-pswp- rel=\"nofollow noopener\" target=\"_blank\">\u00d6ppna bild i helsk\u00e4rmsl\u00e4ge<\/a><\/p>\n<p class=\"txt-style-muted\" aria-hidden=\"true\">I boogie woogie dansas en lugn och en snabb runda. H\u00e4r Joanna och Henric Stillman i den l\u00e5ngsamma delen.<\/p>\n<p class=\"article__figcaption-attribution txt-style-muted\">Bild: Jochen Roemling<\/p>\n<p><strong>Hur ska man v\u00e4nda p\u00e5 trenden?<\/strong><\/p>\n<p>\u2013 N\u00e4r det g\u00e4ller killar kan man fortfarande jobba p\u00e5 machokulturens t\u00f6ntst\u00e4mpel, s\u00e4ger Henric.<\/p>\n<p>\u2013 Sedan \u00e4lskar m\u00e4nniskor att dansa \u00f6verlag, spontaniteten som finns d\u00e4r. Kanske kan den hj\u00e4lpa till att v\u00e4nda trenden, s\u00e4ger Joanna.<\/p>\n<p>Mer om Joanna och Henric Stillman<\/p>\n<p><strong>\u00c5lder:<\/strong> B\u00e5da \u00e4r 41.<\/p>\n<p><strong>Familj:<\/strong> Gifta, tv\u00e5 barn: Theo, 17, Moa, 13.<\/p>\n<p><strong>Ville vi bli n\u00e4r vi var sm\u00e5:<\/strong> Fotbollsproffs (Henric), tv-profil\/k\u00e4ndis (Joanna).<\/p>\n<p><strong>Skulle vi g\u00f6ra om vi vann tio miljoner:<\/strong> K\u00f6pa ett hus i ett varmare land.<\/p>\n<p><strong>Vi \u00e4r r\u00e4dda f\u00f6r:<\/strong> Olika situationer i v\u00e4rlden.<\/p>\n<p><strong>Vi \u00e4lskar:<\/strong> Dans och att umg\u00e5s med m\u00e4nniskor.<\/p>\n<p><strong>Motivering:<\/strong> V\u00e4ster\u00e5sparet tr\u00e4ffades redan som riktigt unga p\u00e5 ett diskotek. De b\u00f6rjade dansa tillsammans vid 14 \u00e5rs \u00e5lder och har d\u00e4refter r\u00f6nt stora framg\u00e5ngar och blivit v\u00e4lk\u00e4nda inom boogie woogie och lindy hop.<br \/>De har n\u00e5tt nationella och internationella framg\u00e5ngar, varit med i SVT:s M\u00e4starnas m\u00e4stare och dessutom spridit sina kunskaper till m\u00e5nga unga dansare. Det sv\u00e4nger gl\u00e4djefyllt om paret Stillman.<\/p>\n<p><img decoding=\"async\" width=\"640\" height=\"959\" class=\"article-image article-image--unbound\" alt=\"Joanna och Henric Stillman.\" src=\"https:\/\/www.europesays.com\/se\/wp-content\/uploads\/2025\/12\/2c1f00d6-bfb1-4516-8f63-31f549ce2a99.jpg\"   loading=\"lazy\"\/><a class=\"article__lightbox-link\" href=\"https:\/\/static.bonniernews.se\/ba\/2c1f00d6-bfb1-4516-8f63-31f549ce2a99.jpg?width=1400&amp;format=pjpg&amp;auto=avif\" data-pswp-width=\"1400\" data-pswp-height=\"2098\" data-pswp-caption=\"Joanna och Henric Stillman. Bild: William Holm\" data-pswp- rel=\"nofollow noopener\" target=\"_blank\">\u00d6ppna bild i helsk\u00e4rmsl\u00e4ge<\/a><\/p>\n<p class=\"txt-style-muted\" aria-hidden=\"true\">Joanna och Henric Stillman.<\/p>\n<p class=\"article__figcaption-attribution txt-style-muted\">Bild: William Holm<\/p>\n<p><img decoding=\"async\" width=\"640\" height=\"427\" class=\"article-image article-image--unbound\" alt=\"Joanna och Henric Stillman.\" src=\"https:\/\/www.europesays.com\/se\/wp-content\/uploads\/2025\/12\/a219a36d-d06c-4525-8084-80c4f00ec12b.jpg\"   loading=\"lazy\"\/><a class=\"article__lightbox-link\" href=\"https:\/\/static.bonniernews.se\/ba\/a219a36d-d06c-4525-8084-80c4f00ec12b.jpg?width=1400&amp;format=pjpg&amp;auto=avif\" data-pswp-width=\"1400\" data-pswp-height=\"934\" data-pswp-caption=\"Joanna och Henric Stillman. Bild: William Holm\" data-pswp- rel=\"nofollow noopener\" target=\"_blank\">\u00d6ppna bild i helsk\u00e4rmsl\u00e4ge<\/a><\/p>\n<p class=\"txt-style-muted\" aria-hidden=\"true\">Joanna och Henric Stillman.<\/p>\n<p class=\"article__figcaption-attribution txt-style-muted\">Bild: William Holm<\/p>\n<p><strong>L\u00c4S OCKS\u00c5:<\/strong><\/p>\n<p>\u25ba <strong><a class=\"article__content-link\" href=\"https:\/\/www.vlt.se\/2025-11-29\/har-ar-vasteras-nya-musikstjarna\/\" rel=\"nofollow noopener\" target=\"_blank\">H\u00e4r \u00e4r V\u00e4ster\u00e5s nya jazzstj\u00e4rna<\/a><\/strong><\/p>\n<p class=\"lcl-resource__placeholder-text\">Inb\u00e4ddat inneh\u00e5ll<\/p>\n<p>\u00c4ndra inst\u00e4llningar<\/p>\n","protected":false},"excerpt":{"rendered":"Joanna och Henric Stillman blev k\u00e4nda f\u00f6r svenska folket under sin medverkan i \u201dM\u00e4starnas m\u00e4stare\u201d.Nu kan paret bli&hellip;\n","protected":false},"author":2,"featured_media":102644,"comment_status":"","ping_status":"","sticky":false,"template":"","format":"standard","meta":{"footnotes":""},"categories":[67],"tags":[104,34,31,33,32,30,105],"class_list":{"0":"post-102643","1":"post","2":"type-post","3":"status-publish","4":"format-standard","5":"has-post-thumbnail","7":"category-underhallning","8":"tag-entertainment","9":"tag-se","10":"tag-svenska","11":"tag-sverige","12":"tag-sweden","13":"tag-swedish","14":"tag-underhallning"},"share_on_mastodon":{"url":"https:\/\/pubeurope.com\/@se\/115700061275698998","error":""},"_links":{"self":[{"href":"https:\/\/www.europesays.com\/se\/wp-json\/wp\/v2\/posts\/102643","targetHints":{"allow":["GET"]}}],"collection":[{"href":"https:\/\/www.europesays.com\/se\/wp-json\/wp\/v2\/posts"}],"about":[{"href":"https:\/\/www.europesays.com\/se\/wp-json\/wp\/v2\/types\/post"}],"author":[{"embeddable":true,"href":"https:\/\/www.europesays.com\/se\/wp-json\/wp\/v2\/users\/2"}],"replies":[{"embeddable":true,"href":"https:\/\/www.europesays.com\/se\/wp-json\/wp\/v2\/comments?post=102643"}],"version-history":[{"count":0,"href":"https:\/\/www.europesays.com\/se\/wp-json\/wp\/v2\/posts\/102643\/revisions"}],"wp:featuredmedia":[{"embeddable":true,"href":"https:\/\/www.europesays.com\/se\/wp-json\/wp\/v2\/media\/102644"}],"wp:attachment":[{"href":"https:\/\/www.europesays.com\/se\/wp-json\/wp\/v2\/media?parent=102643"}],"wp:term":[{"taxonomy":"category","embeddable":true,"href":"https:\/\/www.europesays.com\/se\/wp-json\/wp\/v2\/categories?post=102643"},{"taxonomy":"post_tag","embeddable":true,"href":"https:\/\/www.europesays.com\/se\/wp-json\/wp\/v2\/tags?post=102643"}],"curies":[{"name":"wp","href":"https:\/\/api.w.org\/{rel}","templated":true}]}}