{"id":102649,"date":"2025-12-11T08:51:07","date_gmt":"2025-12-11T08:51:07","guid":{"rendered":"https:\/\/www.europesays.com\/se\/102649\/"},"modified":"2025-12-11T08:51:07","modified_gmt":"2025-12-11T08:51:07","slug":"traning-i-varmvatten-ar-nodvandigt-for-manga-nerikes-allehanda","status":"publish","type":"post","link":"https:\/\/www.europesays.com\/se\/102649\/","title":{"rendered":"Tr\u00e4ning i varmvatten \u00e4r n\u00f6dv\u00e4ndigt f\u00f6r m\u00e5nga \u2013 Nerikes Allehanda"},"content":{"rendered":"<p>19 dec st\u00e4ngs den sista bass\u00e4ngen p\u00e5 US\u00d6 trots att den fortfarande fungerar. Detta f\u00f6r att de styrande f\u00e5tt f\u00f6r sig att det ska ge besparingar. Men det \u00e4r som att pissa i byxorna, v\u00e4rmer gott f\u00f6r stunden men snart blir det kallt och tungt. F\u00f6r denna kortsiktiga besparing, g\u00f6r att m\u00e5nga med onda kroppar, m\u00e5nga halta och lytta, sjuka och skadade, f\u00e5r \u00e4n mera ont och s\u00e4mre r\u00f6relsef\u00f6rm\u00e5ga. Livskvalit\u00e9n som det pratas s\u00e5 v\u00e4l om annars, kommer att sjunka drastiskt f\u00f6r m\u00e5nga.<\/p>\n","protected":false},"excerpt":{"rendered":"19 dec st\u00e4ngs den sista bass\u00e4ngen p\u00e5 US\u00d6 trots att den fortfarande fungerar. Detta f\u00f6r att de styrande&hellip;\n","protected":false},"author":2,"featured_media":102650,"comment_status":"","ping_status":"","sticky":false,"template":"","format":"standard","meta":{"footnotes":""},"categories":[69],"tags":[113,112,34,31,33,32,30],"class_list":{"0":"post-102649","1":"post","2":"type-post","3":"status-publish","4":"format-standard","5":"has-post-thumbnail","7":"category-halsa","8":"tag-halsa","9":"tag-health","10":"tag-se","11":"tag-svenska","12":"tag-sverige","13":"tag-sweden","14":"tag-swedish"},"share_on_mastodon":{"url":"https:\/\/pubeurope.com\/@se\/115700084471364559","error":""},"_links":{"self":[{"href":"https:\/\/www.europesays.com\/se\/wp-json\/wp\/v2\/posts\/102649","targetHints":{"allow":["GET"]}}],"collection":[{"href":"https:\/\/www.europesays.com\/se\/wp-json\/wp\/v2\/posts"}],"about":[{"href":"https:\/\/www.europesays.com\/se\/wp-json\/wp\/v2\/types\/post"}],"author":[{"embeddable":true,"href":"https:\/\/www.europesays.com\/se\/wp-json\/wp\/v2\/users\/2"}],"replies":[{"embeddable":true,"href":"https:\/\/www.europesays.com\/se\/wp-json\/wp\/v2\/comments?post=102649"}],"version-history":[{"count":0,"href":"https:\/\/www.europesays.com\/se\/wp-json\/wp\/v2\/posts\/102649\/revisions"}],"wp:featuredmedia":[{"embeddable":true,"href":"https:\/\/www.europesays.com\/se\/wp-json\/wp\/v2\/media\/102650"}],"wp:attachment":[{"href":"https:\/\/www.europesays.com\/se\/wp-json\/wp\/v2\/media?parent=102649"}],"wp:term":[{"taxonomy":"category","embeddable":true,"href":"https:\/\/www.europesays.com\/se\/wp-json\/wp\/v2\/categories?post=102649"},{"taxonomy":"post_tag","embeddable":true,"href":"https:\/\/www.europesays.com\/se\/wp-json\/wp\/v2\/tags?post=102649"}],"curies":[{"name":"wp","href":"https:\/\/api.w.org\/{rel}","templated":true}]}}