{"id":102659,"date":"2025-12-11T09:02:27","date_gmt":"2025-12-11T09:02:27","guid":{"rendered":"https:\/\/www.europesays.com\/se\/102659\/"},"modified":"2025-12-11T09:02:27","modified_gmt":"2025-12-11T09:02:27","slug":"brakar-du-och-din-tonaring-mycket-delta-i-samtalsgrupp","status":"publish","type":"post","link":"https:\/\/www.europesays.com\/se\/102659\/","title":{"rendered":"Br\u00e5kar du och din ton\u00e5ring mycket? Delta i samtalsgrupp"},"content":{"rendered":"<p class=\"font-normal\">Komet ton\u00e5r riktar sig till dig som f\u00f6r\u00e4lder som har mycket br\u00e5k hemma. H\u00e4r kan du utbyta erfarenheter med andra f\u00f6r\u00e4ldrar och f\u00e5 hj\u00e4lp att minska tjat och br\u00e5k i familjen.<\/p>\n<p class=\"font-normal\">Syftet med f\u00f6r\u00e4ldratr\u00e4ffarna \u00e4r att hj\u00e4lpa dig som f\u00f6r\u00e4lder att hitta b\u00e4ttre s\u00e4tt att kommunicera med din ton\u00e5ring och att l\u00e4ra ut verktyg som leder till mindre konflikter.<\/p>\n<p class=\"font-normal\">Gruppstart sker tisdagen den 20 januari. Det \u00e4r sammanlagt \u00e5tta tr\u00e4ffar.<\/p>\n<p class=\"font-normal\">Klicka p\u00e5 l\u00e4nken nedan f\u00f6r anm\u00e4lan.<\/p>\n","protected":false},"excerpt":{"rendered":"Komet ton\u00e5r riktar sig till dig som f\u00f6r\u00e4lder som har mycket br\u00e5k hemma. H\u00e4r kan du utbyta erfarenheter&hellip;\n","protected":false},"author":2,"featured_media":3804,"comment_status":"","ping_status":"","sticky":false,"template":"","format":"standard","meta":{"footnotes":""},"categories":[66],"tags":[80,78,79,34,31,33,32,30,81,84,83,82],"class_list":{"0":"post-102659","1":"post","2":"type-post","3":"status-publish","4":"format-standard","5":"has-post-thumbnail","7":"category-vetenskap-och-teknik","8":"tag-science","9":"tag-science-and-technology","10":"tag-scienceandtechnology","11":"tag-se","12":"tag-svenska","13":"tag-sverige","14":"tag-sweden","15":"tag-swedish","16":"tag-technology","17":"tag-teknik","18":"tag-vetenskap","19":"tag-vetenskapteknik"},"share_on_mastodon":{"url":"https:\/\/pubeurope.com\/@se\/115700127682869307","error":""},"_links":{"self":[{"href":"https:\/\/www.europesays.com\/se\/wp-json\/wp\/v2\/posts\/102659","targetHints":{"allow":["GET"]}}],"collection":[{"href":"https:\/\/www.europesays.com\/se\/wp-json\/wp\/v2\/posts"}],"about":[{"href":"https:\/\/www.europesays.com\/se\/wp-json\/wp\/v2\/types\/post"}],"author":[{"embeddable":true,"href":"https:\/\/www.europesays.com\/se\/wp-json\/wp\/v2\/users\/2"}],"replies":[{"embeddable":true,"href":"https:\/\/www.europesays.com\/se\/wp-json\/wp\/v2\/comments?post=102659"}],"version-history":[{"count":0,"href":"https:\/\/www.europesays.com\/se\/wp-json\/wp\/v2\/posts\/102659\/revisions"}],"wp:featuredmedia":[{"embeddable":true,"href":"https:\/\/www.europesays.com\/se\/wp-json\/wp\/v2\/media\/3804"}],"wp:attachment":[{"href":"https:\/\/www.europesays.com\/se\/wp-json\/wp\/v2\/media?parent=102659"}],"wp:term":[{"taxonomy":"category","embeddable":true,"href":"https:\/\/www.europesays.com\/se\/wp-json\/wp\/v2\/categories?post=102659"},{"taxonomy":"post_tag","embeddable":true,"href":"https:\/\/www.europesays.com\/se\/wp-json\/wp\/v2\/tags?post=102659"}],"curies":[{"name":"wp","href":"https:\/\/api.w.org\/{rel}","templated":true}]}}